{"id":34708,"date":"2017-04-27T12:30:29","date_gmt":"2017-04-27T17:30:29","guid":{"rendered":"https:\/\/radiowebmx.com\/nota\/?p=34708"},"modified":"2017-04-27T12:30:29","modified_gmt":"2017-04-27T17:30:29","slug":"exhorta-proam-a-transportistas-de-materiales-a-cumplir-normatividad-ambiental","status":"publish","type":"post","link":"https:\/\/radiowebmx.com\/nota\/exhorta-proam-a-transportistas-de-materiales-a-cumplir-normatividad-ambiental\/","title":{"rendered":"Exhorta ProAm a transportistas de materiales a cumplir normatividad ambiental"},"content":{"rendered":"<p><a href=\"https:\/\/radiowebmx.com\/nota\/wp-content\/uploads\/2017\/04\/1de67410-ed48-479a-b1e5-c20c56d4c232.jpg\"><img loading=\"lazy\" decoding=\"async\" src=\"https:\/\/radiowebmx.com\/nota\/wp-content\/uploads\/2017\/04\/1de67410-ed48-479a-b1e5-c20c56d4c232-595x374.jpg\" alt=\"\" width=\"595\" height=\"374\" class=\"alignnone size-medium wp-image-34709\" srcset=\"https:\/\/radiowebmx.com\/nota\/wp-content\/uploads\/2017\/04\/1de67410-ed48-479a-b1e5-c20c56d4c232-595x374.jpg 595w, https:\/\/radiowebmx.com\/nota\/wp-content\/uploads\/2017\/04\/1de67410-ed48-479a-b1e5-c20c56d4c232-150x94.jpg 150w, https:\/\/radiowebmx.com\/nota\/wp-content\/uploads\/2017\/04\/1de67410-ed48-479a-b1e5-c20c56d4c232-400x252.jpg 400w, https:\/\/radiowebmx.com\/nota\/wp-content\/uploads\/2017\/04\/1de67410-ed48-479a-b1e5-c20c56d4c232.jpg 709w\" sizes=\"auto, (max-width: 595px) 100vw, 595px\" \/><\/a><\/p>\n<p>Morelia, Michoac\u00e1n, a 27 de abril de 2017.- En seguimiento a los esfuerzos del Gobierno del Estado, que encabeza Silvano Aureoles Conejo, para disminuir la contaminaci\u00f3n ambiental generada por fuentes m\u00f3viles, el titular de la Procuradur\u00eda de Protecci\u00f3n al Ambiente (ProAm), Juan Carlos Vega Sol\u00f3rzano, se reuni\u00f3 con representantes de los cinco principales sindicatos de transportistas de materiales en el estado.<\/p>\n<p>El funcionario estatal detall\u00f3 que la emisi\u00f3n de gases contaminantes en Michoac\u00e1n se constituye principalmente por el transporte p\u00fablico y veh\u00edculos comerciales, por lo que conmin\u00f3 a los trabajadores del gremio a mantener en \u00f3ptimas condiciones mec\u00e1nicas las cerca de 4 mil unidades que circulan al interior de la geograf\u00eda michoacana.<\/p>\n<p>\u201cLa propuesta es que haga todo lo posible para que los camiones est\u00e9n en orden y eviten hacerse acreedores a una infracci\u00f3n por Tr\u00e1nsito Municipal al aplicarles el art\u00edculo 56, fracci\u00f3n I\u201d, expuso.<\/p>\n<p>El titular de la ProAm escuch\u00f3 las inquietudes y necesidades de los representantes gremiales, quienes manifestaron completa disposici\u00f3n para colaborar en favor del medio ambiente.<\/p>\n<p>De igual manera, se acord\u00f3 la elaboraci\u00f3n y entrega de un padr\u00f3n de unidades por parte del gremio y la posibilidad de gestionar cr\u00e9ditos para que adquieran kits de afinaci\u00f3n con alguna refaccionaria local.<\/p>\n<p>Durante esta reuni\u00f3n, el titular de la ProAm explic\u00f3 el funcionamiento del programa \u201cOstensiblemente Contaminante 2017\u201d, cuyo objetivo es evaluar los veh\u00edculos que contaminan de acuerdo a la NOM-041-SEMARNAT-2015 y que consiste en someter a evaluaci\u00f3n por las patrullas ecol\u00f3gicas de la ProAm a aquellas unidades que emitan humo de color negro o azul; en caso de ser rechazadas, se les retiene como medida de seguridad la placa o tarjeta de circulaci\u00f3n para que en un plazo no mayor a 25 d\u00edas h\u00e1biles el due\u00f1o del automotor afine y verifique su veh\u00edculo sin ninguna sanci\u00f3n.<\/p>\n<p>Los propietarios de veh\u00edculos que circulen con di\u00e9sel podr\u00e1n verificarse en el M\u00f3dulo 06, ubicado en la calle Selenio n\u00famero 58, Colonia Industrial, en la capital michoacana, a partir de este 27 de abril. <\/p>\n","protected":false},"excerpt":{"rendered":"<p>Morelia, Michoac\u00e1n, a 27 de abril de 2017.- En seguimiento a los esfuerzos del Gobierno del Estado, que encabeza Silvano Aureoles Conejo, para disminuir la contaminaci\u00f3n ambiental generada por fuentes m\u00f3viles, el titular de la Procuradur\u00eda de Protecci\u00f3n al Ambiente (ProAm), Juan Carlos Vega Sol\u00f3rzano, se reuni\u00f3 con representantes de los cinco principales sindicatos de [&hellip;]<\/p>\n","protected":false},"author":2,"featured_media":34709,"comment_status":"closed","ping_status":"closed","sticky":false,"template":"","format":"standard","meta":{"footnotes":""},"categories":[14,3],"tags":[],"class_list":["post-34708","post","type-post","status-publish","format-standard","has-post-thumbnail","hentry","category-destacadas","category-gobierno-del-estado-de-michoacan"],"_links":{"self":[{"href":"https:\/\/radiowebmx.com\/nota\/wp-json\/wp\/v2\/posts\/34708","targetHints":{"allow":["GET"]}}],"collection":[{"href":"https:\/\/radiowebmx.com\/nota\/wp-json\/wp\/v2\/posts"}],"about":[{"href":"https:\/\/radiowebmx.com\/nota\/wp-json\/wp\/v2\/types\/post"}],"author":[{"embeddable":true,"href":"https:\/\/radiowebmx.com\/nota\/wp-json\/wp\/v2\/users\/2"}],"replies":[{"embeddable":true,"href":"https:\/\/radiowebmx.com\/nota\/wp-json\/wp\/v2\/comments?post=34708"}],"version-history":[{"count":1,"href":"https:\/\/radiowebmx.com\/nota\/wp-json\/wp\/v2\/posts\/34708\/revisions"}],"predecessor-version":[{"id":34710,"href":"https:\/\/radiowebmx.com\/nota\/wp-json\/wp\/v2\/posts\/34708\/revisions\/34710"}],"wp:featuredmedia":[{"embeddable":true,"href":"https:\/\/radiowebmx.com\/nota\/wp-json\/wp\/v2\/media\/34709"}],"wp:attachment":[{"href":"https:\/\/radiowebmx.com\/nota\/wp-json\/wp\/v2\/media?parent=34708"}],"wp:term":[{"taxonomy":"category","embeddable":true,"href":"https:\/\/radiowebmx.com\/nota\/wp-json\/wp\/v2\/categories?post=34708"},{"taxonomy":"post_tag","embeddable":true,"href":"https:\/\/radiowebmx.com\/nota\/wp-json\/wp\/v2\/tags?post=34708"}],"curies":[{"name":"wp","href":"https:\/\/api.w.org\/{rel}","templated":true}]}}