{"id":34704,"date":"2017-04-27T11:47:48","date_gmt":"2017-04-27T16:47:48","guid":{"rendered":"https:\/\/radiowebmx.com\/nota\/?p=34704"},"modified":"2017-04-27T11:47:48","modified_gmt":"2017-04-27T16:47:48","slug":"apoyara-ivem-a-transportistas-para-que-adquieran-viviendas","status":"publish","type":"post","link":"https:\/\/radiowebmx.com\/nota\/apoyara-ivem-a-transportistas-para-que-adquieran-viviendas\/","title":{"rendered":"Apoyar\u00e1 IVEM a transportistas para que adquieran viviendas"},"content":{"rendered":"<p><a href=\"https:\/\/radiowebmx.com\/nota\/wp-content\/uploads\/2017\/04\/6cf0ec8d-70bb-4781-a340-bd3956b98416.jpg\"><img loading=\"lazy\" decoding=\"async\" src=\"https:\/\/radiowebmx.com\/nota\/wp-content\/uploads\/2017\/04\/6cf0ec8d-70bb-4781-a340-bd3956b98416-595x446.jpg\" alt=\"\" width=\"595\" height=\"446\" class=\"alignnone size-medium wp-image-34705\" srcset=\"https:\/\/radiowebmx.com\/nota\/wp-content\/uploads\/2017\/04\/6cf0ec8d-70bb-4781-a340-bd3956b98416-595x446.jpg 595w, https:\/\/radiowebmx.com\/nota\/wp-content\/uploads\/2017\/04\/6cf0ec8d-70bb-4781-a340-bd3956b98416-150x112.jpg 150w, https:\/\/radiowebmx.com\/nota\/wp-content\/uploads\/2017\/04\/6cf0ec8d-70bb-4781-a340-bd3956b98416-387x290.jpg 387w, https:\/\/radiowebmx.com\/nota\/wp-content\/uploads\/2017\/04\/6cf0ec8d-70bb-4781-a340-bd3956b98416.jpg 709w\" sizes=\"auto, (max-width: 595px) 100vw, 595px\" \/><\/a><\/p>\n<p>Morelia, Michoac\u00e1n, a 27 de abril de 2017.- Cerca de 30 agremiados a organizaciones de transportistas de Morelia ser\u00e1n beneficiados con los apoyos que otorga el Gobierno de Michoac\u00e1n para la adquisici\u00f3n de una vivienda digna, para lo cual firmaron un contrato de cr\u00e9dito con el Instituto de Vivienda del Estado de Michoac\u00e1n (IVEM).<\/p>\n<p>En una acci\u00f3n sin precedente por parte del Gobierno del Estado, a trav\u00e9s del IVEM se otorga este apoyo con el que por primera ocasi\u00f3n se beneficia al gremio transportista, quien concret\u00f3 su tr\u00e1mite de cr\u00e9dito con la signa de este acuerdo.<\/p>\n<p>Con ello, los agremiados a las organizaciones podr\u00e1n contar con un patrimonio digno y propio, adem\u00e1s de que se cumple con uno de los compromisos del Gobernador Silvano Aureoles Conejo, que es mejorar las condiciones de vida de las familias de la entidad.<\/p>\n<p>Cabe destacar que los apoyos que se otorgan son derivados de las gestiones que el IVEM realiza ante instancias federales como la Comisi\u00f3n Nacional de Vivienda.<\/p>\n","protected":false},"excerpt":{"rendered":"<p>Morelia, Michoac\u00e1n, a 27 de abril de 2017.- Cerca de 30 agremiados a organizaciones de transportistas de Morelia ser\u00e1n beneficiados con los apoyos que otorga el Gobierno de Michoac\u00e1n para la adquisici\u00f3n de una vivienda digna, para lo cual firmaron un contrato de cr\u00e9dito con el Instituto de Vivienda del Estado de Michoac\u00e1n (IVEM). En [&hellip;]<\/p>\n","protected":false},"author":2,"featured_media":34705,"comment_status":"closed","ping_status":"closed","sticky":false,"template":"","format":"standard","meta":{"footnotes":""},"categories":[14,3],"tags":[],"class_list":["post-34704","post","type-post","status-publish","format-standard","has-post-thumbnail","hentry","category-destacadas","category-gobierno-del-estado-de-michoacan"],"_links":{"self":[{"href":"https:\/\/radiowebmx.com\/nota\/wp-json\/wp\/v2\/posts\/34704","targetHints":{"allow":["GET"]}}],"collection":[{"href":"https:\/\/radiowebmx.com\/nota\/wp-json\/wp\/v2\/posts"}],"about":[{"href":"https:\/\/radiowebmx.com\/nota\/wp-json\/wp\/v2\/types\/post"}],"author":[{"embeddable":true,"href":"https:\/\/radiowebmx.com\/nota\/wp-json\/wp\/v2\/users\/2"}],"replies":[{"embeddable":true,"href":"https:\/\/radiowebmx.com\/nota\/wp-json\/wp\/v2\/comments?post=34704"}],"version-history":[{"count":1,"href":"https:\/\/radiowebmx.com\/nota\/wp-json\/wp\/v2\/posts\/34704\/revisions"}],"predecessor-version":[{"id":34706,"href":"https:\/\/radiowebmx.com\/nota\/wp-json\/wp\/v2\/posts\/34704\/revisions\/34706"}],"wp:featuredmedia":[{"embeddable":true,"href":"https:\/\/radiowebmx.com\/nota\/wp-json\/wp\/v2\/media\/34705"}],"wp:attachment":[{"href":"https:\/\/radiowebmx.com\/nota\/wp-json\/wp\/v2\/media?parent=34704"}],"wp:term":[{"taxonomy":"category","embeddable":true,"href":"https:\/\/radiowebmx.com\/nota\/wp-json\/wp\/v2\/categories?post=34704"},{"taxonomy":"post_tag","embeddable":true,"href":"https:\/\/radiowebmx.com\/nota\/wp-json\/wp\/v2\/tags?post=34704"}],"curies":[{"name":"wp","href":"https:\/\/api.w.org\/{rel}","templated":true}]}}