{"id":34698,"date":"2017-04-27T11:20:11","date_gmt":"2017-04-27T16:20:11","guid":{"rendered":"https:\/\/radiowebmx.com\/nota\/?p=34698"},"modified":"2017-04-27T11:20:11","modified_gmt":"2017-04-27T16:20:11","slug":"se-perfila-pascual-sigala-para-presidir-la-copecol","status":"publish","type":"post","link":"https:\/\/radiowebmx.com\/nota\/se-perfila-pascual-sigala-para-presidir-la-copecol\/","title":{"rendered":"Se perfila Pascual Sigala para presidir la COPECOL"},"content":{"rendered":"<p><a href=\"https:\/\/radiowebmx.com\/nota\/wp-content\/uploads\/2017\/04\/Comunicado-581.jpg\"><img loading=\"lazy\" decoding=\"async\" src=\"https:\/\/radiowebmx.com\/nota\/wp-content\/uploads\/2017\/04\/Comunicado-581-595x211.jpg\" alt=\"\" width=\"595\" height=\"211\" class=\"alignnone size-medium wp-image-34699\" srcset=\"https:\/\/radiowebmx.com\/nota\/wp-content\/uploads\/2017\/04\/Comunicado-581-595x211.jpg 595w, https:\/\/radiowebmx.com\/nota\/wp-content\/uploads\/2017\/04\/Comunicado-581-150x53.jpg 150w, https:\/\/radiowebmx.com\/nota\/wp-content\/uploads\/2017\/04\/Comunicado-581-400x142.jpg 400w, https:\/\/radiowebmx.com\/nota\/wp-content\/uploads\/2017\/04\/Comunicado-581.jpg 709w\" sizes=\"auto, (max-width: 595px) 100vw, 595px\" \/><\/a><\/p>\n<p>Campeche; Campeche, 26 de abril de 2017.- La Coordinadora Nacional de diputados locales del PRD eligi\u00f3 por unanimidad al diputado michoacano, Pascual Sigala P\u00e1ez, para presidir la Conferencia Permanente de Congresos Locales (COPECOL) durante este a\u00f1o, propuesta que se llevar\u00e1 ante la plenaria para ser votada el pr\u00f3ximo viernes.<\/p>\n<p>Los representantes emanados del partido del sol azteca, de las distintas legislaturas locales en el pa\u00eds,  acordaron proponer al coordinador nacional de las y los legisladores del PRD, Pascual Sigala, ya que tiene el perfil para impulsar y construir acuerdos que puedan transitar entre las distintas fuerzas pol\u00edticas en favor del pueblo mexicano.<\/p>\n<p>A partir de esta decisi\u00f3n, el tambi\u00e9n presidente del Congreso del Estado de Michoac\u00e1n se perfila para encabezar este organismo plural, en la cual se construye y fortalece una agenda legislativa nacional, para impulsarse en los distintos congresos del pa\u00eds en favor de los ciudadanos.<\/p>\n<p>En la COPECOL participan representantes de los 31 congresos estatales y del \u00f3rgano legislativo de la Ciudad de M\u00e9xico, con la finalidad de formular propuestas e iniciativas que impulsen cambios y avances normativos en beneficio de la sociedad, estableciendo en los hechos un federalismo legislativo y fortaleciendo una democracia participativa efectiva.<\/p>\n","protected":false},"excerpt":{"rendered":"<p>Campeche; Campeche, 26 de abril de 2017.- La Coordinadora Nacional de diputados locales del PRD eligi\u00f3 por unanimidad al diputado michoacano, Pascual Sigala P\u00e1ez, para presidir la Conferencia Permanente de Congresos Locales (COPECOL) durante este a\u00f1o, propuesta que se llevar\u00e1 ante la plenaria para ser votada el pr\u00f3ximo viernes. Los representantes emanados del partido del [&hellip;]<\/p>\n","protected":false},"author":2,"featured_media":34699,"comment_status":"closed","ping_status":"closed","sticky":false,"template":"","format":"standard","meta":{"footnotes":""},"categories":[6,14,19],"tags":[],"class_list":["post-34698","post","type-post","status-publish","format-standard","has-post-thumbnail","hentry","category-congreso-del-estado","category-destacadas","category-grupo-parlamentario-del-prd"],"_links":{"self":[{"href":"https:\/\/radiowebmx.com\/nota\/wp-json\/wp\/v2\/posts\/34698","targetHints":{"allow":["GET"]}}],"collection":[{"href":"https:\/\/radiowebmx.com\/nota\/wp-json\/wp\/v2\/posts"}],"about":[{"href":"https:\/\/radiowebmx.com\/nota\/wp-json\/wp\/v2\/types\/post"}],"author":[{"embeddable":true,"href":"https:\/\/radiowebmx.com\/nota\/wp-json\/wp\/v2\/users\/2"}],"replies":[{"embeddable":true,"href":"https:\/\/radiowebmx.com\/nota\/wp-json\/wp\/v2\/comments?post=34698"}],"version-history":[{"count":1,"href":"https:\/\/radiowebmx.com\/nota\/wp-json\/wp\/v2\/posts\/34698\/revisions"}],"predecessor-version":[{"id":34700,"href":"https:\/\/radiowebmx.com\/nota\/wp-json\/wp\/v2\/posts\/34698\/revisions\/34700"}],"wp:featuredmedia":[{"embeddable":true,"href":"https:\/\/radiowebmx.com\/nota\/wp-json\/wp\/v2\/media\/34699"}],"wp:attachment":[{"href":"https:\/\/radiowebmx.com\/nota\/wp-json\/wp\/v2\/media?parent=34698"}],"wp:term":[{"taxonomy":"category","embeddable":true,"href":"https:\/\/radiowebmx.com\/nota\/wp-json\/wp\/v2\/categories?post=34698"},{"taxonomy":"post_tag","embeddable":true,"href":"https:\/\/radiowebmx.com\/nota\/wp-json\/wp\/v2\/tags?post=34698"}],"curies":[{"name":"wp","href":"https:\/\/api.w.org\/{rel}","templated":true}]}}