{"id":3469,"date":"2013-08-15T12:35:05","date_gmt":"2013-08-15T17:35:05","guid":{"rendered":"https:\/\/radiowebmx.com\/nota\/?p=3469"},"modified":"2013-08-15T12:35:05","modified_gmt":"2013-08-15T17:35:05","slug":"fijan-metas-claras-del-acuerdo-por-michoacan","status":"publish","type":"post","link":"https:\/\/radiowebmx.com\/nota\/fijan-metas-claras-del-acuerdo-por-michoacan\/","title":{"rendered":"FIJAN METAS CLARAS DEL ACUERDO POR MICHOAC\u00c1N"},"content":{"rendered":"<p>Con<b> <\/b>la representaci\u00f3n de los sectores productivos, empresariales, acad\u00e9micos, sociales, dirigencias estatales de partidos, el senado de la Rep\u00fablica, adem\u00e1s de los Poderes Legislativo y Ejecutivo estatales, la delegaci\u00f3n de la de la secretar\u00eda de Gobernaci\u00f3n en el estado, sesion\u00f3 el Comit\u00e9 T\u00e9cnico del Acuerdo por Michoac\u00e1n, en el que se acordaron los ejes tem\u00e1ticos algunas de las metas que contendr\u00e1 el documento base de trabajo, de tal manera que sea ejecutable y permita observar resultados en el corto, mediano y largo plazo.<\/p>\n<p>En esta reuni\u00f3n destac\u00f3 la participaci\u00f3n positiva de todos los actores por entregar una propuesta integral, puntual cuyas l\u00edneas de acci\u00f3n no se queden en buenas intenciones, sino que conformen agendas de compromisos concretos a realizar donde cada sector asuma su responsabilidad en beneficio de los michoacanos.<\/p>\n<p>Es importante destacar, que los integrantes de este Comit\u00e9 hicieron hincapi\u00e9 en que con acciones muy espec\u00edficas, se puedan fortalecer las acciones que permitan reposicionar a Michoac\u00e1n como estado atractivo para las inversiones, para el desarrollo agropecuario y para el turismo.<\/p>\n<p>Al momento, el documento base presenta un 95 por ciento de avance.<\/p>\n","protected":false},"excerpt":{"rendered":"<p>Con la representaci\u00f3n de los sectores productivos, empresariales, acad\u00e9micos, sociales, <\/p>\n","protected":false},"author":1,"featured_media":0,"comment_status":"open","ping_status":"open","sticky":false,"template":"","format":"standard","meta":{"footnotes":""},"categories":[3],"tags":[],"class_list":["post-3469","post","type-post","status-publish","format-standard","hentry","category-gobierno-del-estado-de-michoacan"],"_links":{"self":[{"href":"https:\/\/radiowebmx.com\/nota\/wp-json\/wp\/v2\/posts\/3469","targetHints":{"allow":["GET"]}}],"collection":[{"href":"https:\/\/radiowebmx.com\/nota\/wp-json\/wp\/v2\/posts"}],"about":[{"href":"https:\/\/radiowebmx.com\/nota\/wp-json\/wp\/v2\/types\/post"}],"author":[{"embeddable":true,"href":"https:\/\/radiowebmx.com\/nota\/wp-json\/wp\/v2\/users\/1"}],"replies":[{"embeddable":true,"href":"https:\/\/radiowebmx.com\/nota\/wp-json\/wp\/v2\/comments?post=3469"}],"version-history":[{"count":1,"href":"https:\/\/radiowebmx.com\/nota\/wp-json\/wp\/v2\/posts\/3469\/revisions"}],"predecessor-version":[{"id":3470,"href":"https:\/\/radiowebmx.com\/nota\/wp-json\/wp\/v2\/posts\/3469\/revisions\/3470"}],"wp:attachment":[{"href":"https:\/\/radiowebmx.com\/nota\/wp-json\/wp\/v2\/media?parent=3469"}],"wp:term":[{"taxonomy":"category","embeddable":true,"href":"https:\/\/radiowebmx.com\/nota\/wp-json\/wp\/v2\/categories?post=3469"},{"taxonomy":"post_tag","embeddable":true,"href":"https:\/\/radiowebmx.com\/nota\/wp-json\/wp\/v2\/tags?post=3469"}],"curies":[{"name":"wp","href":"https:\/\/api.w.org\/{rel}","templated":true}]}}