{"id":3466,"date":"2013-08-15T12:31:27","date_gmt":"2013-08-15T17:31:27","guid":{"rendered":"https:\/\/radiowebmx.com\/nota\/?p=3466"},"modified":"2013-08-15T12:32:28","modified_gmt":"2013-08-15T17:32:28","slug":"actualmente-municipios-michoacanos-se-encuentran-carentes-de-energia-electrica-jose-eduardo-anaya-gomez","status":"publish","type":"post","link":"https:\/\/radiowebmx.com\/nota\/actualmente-municipios-michoacanos-se-encuentran-carentes-de-energia-electrica-jose-eduardo-anaya-gomez\/","title":{"rendered":"Actualmente municipios michoacanos se encuentran carentes de energ\u00eda el\u00e9ctrica: Jos\u00e9 Eduardo Anaya G\u00f3mez"},"content":{"rendered":"<p>\u201cNuestro pa\u00eds como cualquier sociedad moderna, debe explorar todos los mecanismos que generen nuevas y viables oportunidades para los ciudadanos, en raz\u00f3n de ello y de manera coyuntural a la iniciativa de reforma constitucional en el rubro energ\u00e9tico, \u00e9sta no puede concebirse sin el acceso a fuentes de energ\u00eda a precios competitivos\u201d, as\u00ed lo se\u00f1al\u00f3 el diputado Jos\u00e9 Eduardo Anaya G\u00f3mez, en el marco conmemorativo del aniversario de la creaci\u00f3n de la Comisi\u00f3n Federal de Electricidad en 1937.<\/p>\n<p>De acuerdo a cifras de la propia paraestatal, al mes de mayo se tienen pendientes por electrificar 43 mil localidades, lo que significa m\u00e1s de 2 millones de habitantes sin acceso a este servicio esencial, provocando eminentemente obst\u00e1culos para alcanzar los objetivos de progreso y desarrollo del pa\u00eds.<\/p>\n<p>El legislador panista, se\u00f1al\u00f3 que con el tema puesto ya en la agenda legislativa, la Iniciativa de Reforma Energ\u00e9tica debe considerar en primer lugar abatir este rezago, pues la misi\u00f3n de la propia CFE es prestar este servicio p\u00fablico con criterios de suficiencia, competitividad, as\u00ed como de sustentabilidad, y a partir de ello, la erradicaci\u00f3n de la pobreza energ\u00e9tica es un elemento de alto impacto para alcanzar el desarrollo nacional\u201d, subray\u00f3.<\/p>\n<p>Ahora bien, si uno de los objetivos principales de esta reforma, es lograr una pol\u00edtica de acceso universal a la energ\u00eda el\u00e9ctrica; esto debe considerar generarla al menor costo y con mecanismos de sostenibilidad, pensando en apoyar a la poblaci\u00f3n en general y directamente al sector agropecuario, reduciendo los costos de producci\u00f3n, propiciando la generaci\u00f3n de cadenas productivas y empleos de calidad.<\/p>\n<p>A su vez, el presidente de la Comisi\u00f3n de Fortalecimiento Municipal y L\u00edmites Territoriales del Congreso del Estado, extern\u00f3 su preocupaci\u00f3n al recalcar que en la entidad michoacana, existen m\u00e1s de 2 mil comunidades de hasta 100 habitantes, que no cuentan con luz, destacando que entre los municipios con m\u00e1s localidades sin este servicio est\u00e1n Aquila, Madero y Arteaga, lo anterior a partir de datos proporcionados por la Gerencia Divisional de la propia paraestatal.<\/p>\n<p>Ante ello, subray\u00f3 que resulta imprescindible revisar los alcances de la Ley de Energ\u00eda para el Campo, ya que el consumo energ\u00e9tico agr\u00edcola es un elemento fundamental en el proceso productivo del campo, espec\u00edficamente en la operaci\u00f3n de los equipos de bombeo de agua para uso de riego agr\u00edcola y ganadero.<\/p>\n<p>El tambi\u00e9n integrante de la Comisi\u00f3n Legislativa de Desarrollo Rural, insisti\u00f3 en aprovechar la oportunidad que brinda esta iniciativa de reforma constitucional, para que en el ejercicio legislativo de tan alta envergadura, sea el escenario id\u00f3neo para reconsiderar lo relativo a la cuota energ\u00e9tica en las diferentes actividades agropecuarias, inherentes a la que se invierte en tractores y maquinaria agr\u00edcola.<\/p>\n<p>Finalmente, Anaya G\u00f3mez destac\u00f3 lo virtuoso que puede ser este ejercicio parlamentario para catapultar el perfeccionamiento de los procesos productivos del campo michoacano y del pa\u00eds en general; lo anterior, siempre y cuando sean considerados todos y cada uno de los actores pol\u00edticos y sociales del Estado.<\/p>\n<p>&nbsp;<\/p>\n","protected":false},"excerpt":{"rendered":"<p>\u201cNuestro pa\u00eds como cualquier sociedad moderna, debe explorar todos los mecanismos que generen nuevas y viables oportunidades para los ciudadanos, en raz\u00f3n de ello y de manera coyuntural a la iniciativa de reforma constitucional en el rubro energ\u00e9tico,<\/p>\n","protected":false},"author":1,"featured_media":0,"comment_status":"open","ping_status":"open","sticky":false,"template":"","format":"standard","meta":{"footnotes":""},"categories":[3],"tags":[],"class_list":["post-3466","post","type-post","status-publish","format-standard","hentry","category-gobierno-del-estado-de-michoacan"],"_links":{"self":[{"href":"https:\/\/radiowebmx.com\/nota\/wp-json\/wp\/v2\/posts\/3466","targetHints":{"allow":["GET"]}}],"collection":[{"href":"https:\/\/radiowebmx.com\/nota\/wp-json\/wp\/v2\/posts"}],"about":[{"href":"https:\/\/radiowebmx.com\/nota\/wp-json\/wp\/v2\/types\/post"}],"author":[{"embeddable":true,"href":"https:\/\/radiowebmx.com\/nota\/wp-json\/wp\/v2\/users\/1"}],"replies":[{"embeddable":true,"href":"https:\/\/radiowebmx.com\/nota\/wp-json\/wp\/v2\/comments?post=3466"}],"version-history":[{"count":2,"href":"https:\/\/radiowebmx.com\/nota\/wp-json\/wp\/v2\/posts\/3466\/revisions"}],"predecessor-version":[{"id":3468,"href":"https:\/\/radiowebmx.com\/nota\/wp-json\/wp\/v2\/posts\/3466\/revisions\/3468"}],"wp:attachment":[{"href":"https:\/\/radiowebmx.com\/nota\/wp-json\/wp\/v2\/media?parent=3466"}],"wp:term":[{"taxonomy":"category","embeddable":true,"href":"https:\/\/radiowebmx.com\/nota\/wp-json\/wp\/v2\/categories?post=3466"},{"taxonomy":"post_tag","embeddable":true,"href":"https:\/\/radiowebmx.com\/nota\/wp-json\/wp\/v2\/tags?post=3466"}],"curies":[{"name":"wp","href":"https:\/\/api.w.org\/{rel}","templated":true}]}}