{"id":3463,"date":"2013-08-15T12:14:30","date_gmt":"2013-08-15T17:14:30","guid":{"rendered":"https:\/\/radiowebmx.com\/nota\/?p=3463"},"modified":"2013-08-15T12:14:30","modified_gmt":"2013-08-15T17:14:30","slug":"todo-listo-para-la-expo-financia-2013-a-celebrarse-22-y-23-de-agosto-en-ceconexpo-morelia","status":"publish","type":"post","link":"https:\/\/radiowebmx.com\/nota\/todo-listo-para-la-expo-financia-2013-a-celebrarse-22-y-23-de-agosto-en-ceconexpo-morelia\/","title":{"rendered":"TODO LISTO PARA LA EXPO FINANCIA 2013 A CELEBRARSE 22 Y 23 DE AGOSTO EN CECONEXPO MORELIA"},"content":{"rendered":"<p>El pr\u00f3ximo 22 y 23 de agosto se desarrollar\u00e1 en Morelia\u00a0 la Expo Financia 2013,con la cual se prev\u00e9 generar una derrama econ\u00f3mica hasta de 40 millones de pesos en cr\u00e9ditos, en beneficio principalmente de micro y peque\u00f1os emprendedores michoacanos; inform\u00f3 en conferencia de prensa Germ\u00e1n Ireta Lino, director general de S\u00ed Financia.<\/p>\n<p><b>\u00a0<\/b><\/p>\n<p>Acompa\u00f1ado por Juan Pablo Arriaga Diez, secretario de Desarrollo Econ\u00f3mico y Nancy C\u00e1rdenas Meza, delegada federal de la Secretar\u00eda de Econom\u00eda, Ireta Lino destac\u00f3 que en el marco de este evento se entregar\u00e1 a S\u00ed Financia la certificaci\u00f3n ISO 9001:2008 que la acredita como una dependencia de calidad y altamente eficiente, adem\u00e1s de que se firmar\u00e1n convenios de colaboraci\u00f3n con diversos ayuntamientos para llevar m\u00e1s beneficios crediticios al interior del estado.<\/p>\n<p>&nbsp;<\/p>\n<p>El titular de Sedeco, Juan Pablo Arriaga, afirm\u00f3 que la Expo Financia es un proyecto muy noble y que ha tra\u00eddo al estado grandes beneficios a trav\u00e9s de los michoacanos emprendedores; mientras que la delegada de la SE, Nancy C\u00e1rdenas,puntualiz\u00f3 que los gobiernos federal y estatal trabajan de la mano por llevar verdadero desarrollo econ\u00f3mico a quienes m\u00e1s lo necesiten.<\/p>\n<p>&nbsp;<\/p>\n<p>Durante el evento, que se realizar\u00e1 en el Centro de Convenciones y Exposiciones, estar\u00e1n presentes m\u00e1s de 50 dependencias gubernamentales, bancas de desarrollo, incubadoras, bancas comerciales, entidades de ahorro y cr\u00e9dito popular, microfinancieras y sociedades financieras de objeto m\u00faltiple (Sofomes), adem\u00e1s de empresas comercializadoras de equipo de transporte y maquinaria, as\u00ed como de equipo agr\u00edcola.<\/p>\n<p>&nbsp;<\/p>\n<p>Tambi\u00e9n habr\u00e1 capacitaci\u00f3n y ponencias como la de la Red para Mover a M\u00e9xico, talleres impartidos por Nacional Financiera, la Fundaci\u00f3n para la Calidad y Competitividad del Estado, y una conferencia magistral titulada \u201cTierra f\u00e9rtil, \u00bfPor qu\u00e9 hacer negocios en M\u00e9xico?\u201d.<\/p>\n<p>&nbsp;<\/p>\n<p>Cabe se\u00f1alar que el a\u00f1o pasado fueron destinados m\u00e1s de 24 millones pesos para la sede de Morelia de esta Expo, por lo que la expectativa es ascender a los 40 millones de pesos entregados.<\/p>\n<p>&nbsp;<\/p>\n<p>El evento es gratuito y los asistentes tendr\u00e1n el beneficio de la absorci\u00f3n del 100 por ciento de los costos de contrataci\u00f3n de cr\u00e9ditos, durante los d\u00edas que dure el evento.<\/p>\n","protected":false},"excerpt":{"rendered":"<p>El pr\u00f3ximo 22 y 23 de agosto se desarrollar\u00e1 en Morelia  la Expo Financia 2013,con la cual se prev\u00e9 generar una derrama econ\u00f3mica hasta de 40 millones de pesos en cr\u00e9ditos,<\/p>\n","protected":false},"author":1,"featured_media":0,"comment_status":"open","ping_status":"open","sticky":false,"template":"","format":"standard","meta":{"footnotes":""},"categories":[3],"tags":[],"class_list":["post-3463","post","type-post","status-publish","format-standard","hentry","category-gobierno-del-estado-de-michoacan"],"_links":{"self":[{"href":"https:\/\/radiowebmx.com\/nota\/wp-json\/wp\/v2\/posts\/3463","targetHints":{"allow":["GET"]}}],"collection":[{"href":"https:\/\/radiowebmx.com\/nota\/wp-json\/wp\/v2\/posts"}],"about":[{"href":"https:\/\/radiowebmx.com\/nota\/wp-json\/wp\/v2\/types\/post"}],"author":[{"embeddable":true,"href":"https:\/\/radiowebmx.com\/nota\/wp-json\/wp\/v2\/users\/1"}],"replies":[{"embeddable":true,"href":"https:\/\/radiowebmx.com\/nota\/wp-json\/wp\/v2\/comments?post=3463"}],"version-history":[{"count":2,"href":"https:\/\/radiowebmx.com\/nota\/wp-json\/wp\/v2\/posts\/3463\/revisions"}],"predecessor-version":[{"id":3465,"href":"https:\/\/radiowebmx.com\/nota\/wp-json\/wp\/v2\/posts\/3463\/revisions\/3465"}],"wp:attachment":[{"href":"https:\/\/radiowebmx.com\/nota\/wp-json\/wp\/v2\/media?parent=3463"}],"wp:term":[{"taxonomy":"category","embeddable":true,"href":"https:\/\/radiowebmx.com\/nota\/wp-json\/wp\/v2\/categories?post=3463"},{"taxonomy":"post_tag","embeddable":true,"href":"https:\/\/radiowebmx.com\/nota\/wp-json\/wp\/v2\/tags?post=3463"}],"curies":[{"name":"wp","href":"https:\/\/api.w.org\/{rel}","templated":true}]}}