{"id":3456,"date":"2013-08-14T13:14:18","date_gmt":"2013-08-14T18:14:18","guid":{"rendered":"https:\/\/radiowebmx.com\/nota\/?p=3456"},"modified":"2013-08-14T13:14:18","modified_gmt":"2013-08-14T18:14:18","slug":"realizaran-la-tradicional-feria-del-mole-en-santa-maria-de-guido-y-en-el-municipio-de-senguio-la-feria-del-hongo","status":"publish","type":"post","link":"https:\/\/radiowebmx.com\/nota\/realizaran-la-tradicional-feria-del-mole-en-santa-maria-de-guido-y-en-el-municipio-de-senguio-la-feria-del-hongo\/","title":{"rendered":"REALIZAR\u00c1N LA TRADICIONAL FERIA DEL MOLE EN SANTA MAR\u00cdA DE GUIDO Y EN EL MUNICIPIO DE SENGUIO LA FERIA DEL HONGO"},"content":{"rendered":"<p>La tenencia de Santa Mar\u00eda de Guido de este municipio prepara la 6\u00aa Feria del Mole a realizarse el 14 y 15 de agosto, \u00a0y tambi\u00e9n el municipio de Senguiotiene todo listo para realizar la edici\u00f3n n\u00famero 16 de la Feria del Hongo, del 16 al 18 de este mes;as\u00ed lo anunci\u00f3 en conferencia de prensa el director de la Comisi\u00f3n de Ferias, Exposiciones y Eventos del estado (COFEEEM), Jos\u00e9 Manuel Romero Navarro.<\/p>\n<p>&nbsp;<\/p>\n<p>El director de la COFEEEM, acompa\u00f1ado de la jefa de Tenencia de Santa Mar\u00eda de Guido y del cronista de ese lugar, Yesenia C\u00f3rdova Delgado y Lorenzo Vel\u00e1zquez Hern\u00e1ndez, respectivamente, se\u00f1al\u00f3 que la Feria del Mole se realiza con el objetivo de consolidar un nuevo destino tur\u00edstico que active la econom\u00eda de la zona y al mismo tiempo, rescatar una tradici\u00f3n gastron\u00f3mica.<\/p>\n<p>&nbsp;<\/p>\n<p>Este evento que es organizado por la Jefatura de Tenencia de Santa Mar\u00eda de Guido, se enmarca con la celebraci\u00f3n de los festejos patronales\u00a0dela\u00a0<em>Asunci\u00f3n<\/em>\u00a0de la <em>Virgen Mar\u00eda<\/em>,y se realizar\u00e1 a un costado de la plaza <em>Nezahualc\u00f3yotl<\/em> de este lugar.<\/p>\n<p>&nbsp;<\/p>\n<p>La se\u00f1ora Mar\u00eda del Socorro Iturbe Mart\u00ednez, originaria de este lugar y participante en la exposici\u00f3n y venta del mole en esta feria, quien es tambi\u00e9n una de las precursoras de esta festividad, apunt\u00f3 que los gobiernos estatal y municipal contribuyen para continuar con esta tradici\u00f3n.<\/p>\n<p>&nbsp;<\/p>\n<p>En esta feria participan m\u00e1s de 20 personas con la exposici\u00f3n y venta del mole, el cual es elaborado con guajolote y en metate con ingredientes secretos de las familias de esta tenencia.<\/p>\n<p>Cabe se\u00f1alar que por su ubicaci\u00f3n y la cercan\u00eda con la ciudad de Morelia, los asistentes a esta celebraci\u00f3n cada a\u00f1o se incrementan dejando una buena derrama econ\u00f3mica en el lugar.<\/p>\n<p><b>16\u00aa Feria del Hongo del municipio de Senguio<\/b><\/p>\n<p>Igualmente, en conferencia de prensa el director de la COFEEEM, Jos\u00e9 Manuel Romero Navarro, acompa\u00f1ado del edil de Senguio, Mateo Coria Castro, anunci\u00f3 la 16\u00aa Feria del Hongo de este municipio, el cual una vez m\u00e1s mostrar\u00e1 al mundo su gran riqueza natural, donde gracias a las condiciones climatol\u00f3gicas, se da el crecimiento de una gran diversidad de hongos.<\/p>\n<p>En esta feria que se realizar\u00e1 del 16 al 18 de agosto en la Alameda principal de esta regi\u00f3n, se dar\u00e1n a conocer las diferentes variedades de hongos comestibles, medicinales, t\u00f3xicos y venenosos, contexto en que se presentan hasta\u00a0 220 especies distintas, como el shitake y seta.<\/p>\n<p>Tambi\u00e9n habr\u00e1 talleres, conferencias, eventos culturales y la oportunidad de deleitarse con un buen platillo de hongos silvestres preparado al estilo senguiense. Adem\u00e1s los visitantes podr\u00e1n adquirir artesan\u00edas en el \u00e1rea comercial elaboradas con hoja de pino, as\u00ed como productos a base de hongos, preparados por familias de este municipio que se encontrar\u00e1n en el \u00e1rea comercial.<\/p>\n<p>&nbsp;<\/p>\n<p>Entre los recorridos tur\u00edsticos, los visitantes podr\u00e1n recolectar hongos en su ambiente natural, as\u00ed como visitar el Santuario de la Monarca, el templo de San Pedro Ap\u00f3stol y el centro ecotur\u00edstico del ejido de Senguio; pero lo m\u00e1s importante es y seguir\u00e1 siendo\u00a0 \u201cla hospitalidad de sus habitantes\u201d.<\/p>\n<p>Estuvieron presentes en el anuncio de estas festividades, Hugo Chagoll\u00e1n P\u00e9rez, director de Promoci\u00f3n de la Secretar\u00eda de Desarrollo Econ\u00f3mico estatal; Roberto Bautista Chapina, director de difusi\u00f3n del Centro Estatal para el Desarrollo Municipal; el director de Cultura de Senguio, Jos\u00e9 Luis T\u00e9llez; el presidente del Patronato de la Feria del Hongo, Juan Francisco Gonz\u00e1lez Castrej\u00f3n, y la reina de la Feria del Hongo 2013, Azucena Vel\u00e1zquez.\u00a0<b><i><\/i><\/b><\/p>\n","protected":false},"excerpt":{"rendered":"<p>La tenencia de Santa Mar\u00eda de Guido de este municipio prepara la 6\u00aa Feria del Mole a realizarse el 14 y 15 de agosto,  y tambi\u00e9n el municipio de Senguiotiene todo listo para realizar la edici\u00f3n n\u00famero 16 de la Feria del Hongo, del 16 al 18 de este mes;as\u00ed lo anunci\u00f3 en conferencia de prensa el director de la Comisi\u00f3n de Ferias, Exposiciones y Eventos del estado (COFEEEM), Jos\u00e9 Manuel Romero Navarro.<\/p>\n","protected":false},"author":1,"featured_media":0,"comment_status":"open","ping_status":"open","sticky":false,"template":"","format":"standard","meta":{"footnotes":""},"categories":[3],"tags":[],"class_list":["post-3456","post","type-post","status-publish","format-standard","hentry","category-gobierno-del-estado-de-michoacan"],"_links":{"self":[{"href":"https:\/\/radiowebmx.com\/nota\/wp-json\/wp\/v2\/posts\/3456","targetHints":{"allow":["GET"]}}],"collection":[{"href":"https:\/\/radiowebmx.com\/nota\/wp-json\/wp\/v2\/posts"}],"about":[{"href":"https:\/\/radiowebmx.com\/nota\/wp-json\/wp\/v2\/types\/post"}],"author":[{"embeddable":true,"href":"https:\/\/radiowebmx.com\/nota\/wp-json\/wp\/v2\/users\/1"}],"replies":[{"embeddable":true,"href":"https:\/\/radiowebmx.com\/nota\/wp-json\/wp\/v2\/comments?post=3456"}],"version-history":[{"count":2,"href":"https:\/\/radiowebmx.com\/nota\/wp-json\/wp\/v2\/posts\/3456\/revisions"}],"predecessor-version":[{"id":3458,"href":"https:\/\/radiowebmx.com\/nota\/wp-json\/wp\/v2\/posts\/3456\/revisions\/3458"}],"wp:attachment":[{"href":"https:\/\/radiowebmx.com\/nota\/wp-json\/wp\/v2\/media?parent=3456"}],"wp:term":[{"taxonomy":"category","embeddable":true,"href":"https:\/\/radiowebmx.com\/nota\/wp-json\/wp\/v2\/categories?post=3456"},{"taxonomy":"post_tag","embeddable":true,"href":"https:\/\/radiowebmx.com\/nota\/wp-json\/wp\/v2\/tags?post=3456"}],"curies":[{"name":"wp","href":"https:\/\/api.w.org\/{rel}","templated":true}]}}