{"id":34558,"date":"2017-04-25T13:52:08","date_gmt":"2017-04-25T18:52:08","guid":{"rendered":"https:\/\/radiowebmx.com\/nota\/?p=34558"},"modified":"2017-04-25T13:52:08","modified_gmt":"2017-04-25T18:52:08","slug":"arranca-la-sexta-jornada-del-libro-en-el-archivo-historico-municipal","status":"publish","type":"post","link":"https:\/\/radiowebmx.com\/nota\/arranca-la-sexta-jornada-del-libro-en-el-archivo-historico-municipal\/","title":{"rendered":"Arranca la \u201cSexta Jornada del Libro\u201d en el Archivo Hist\u00f3rico Municipal"},"content":{"rendered":"<p><a href=\"https:\/\/radiowebmx.com\/nota\/wp-content\/uploads\/2017\/04\/6fa928a5-2933-4697-a6b4-68f7999a138d.jpeg\"><img loading=\"lazy\" decoding=\"async\" src=\"https:\/\/radiowebmx.com\/nota\/wp-content\/uploads\/2017\/04\/6fa928a5-2933-4697-a6b4-68f7999a138d-595x334.jpeg\" alt=\"\" width=\"595\" height=\"334\" class=\"alignnone size-medium wp-image-34559\" srcset=\"https:\/\/radiowebmx.com\/nota\/wp-content\/uploads\/2017\/04\/6fa928a5-2933-4697-a6b4-68f7999a138d-595x334.jpeg 595w, https:\/\/radiowebmx.com\/nota\/wp-content\/uploads\/2017\/04\/6fa928a5-2933-4697-a6b4-68f7999a138d-150x84.jpeg 150w, https:\/\/radiowebmx.com\/nota\/wp-content\/uploads\/2017\/04\/6fa928a5-2933-4697-a6b4-68f7999a138d-400x225.jpeg 400w, https:\/\/radiowebmx.com\/nota\/wp-content\/uploads\/2017\/04\/6fa928a5-2933-4697-a6b4-68f7999a138d.jpeg 709w\" sizes=\"auto, (max-width: 595px) 100vw, 595px\" \/><\/a><\/p>\n<p>En aras de promover el acercamiento a los libros y la cultura, el Archivo Hist\u00f3rico Municipal de Morelia arranc\u00f3 las actividades de la \u201cSexta Jornada del D\u00eda del Libro\u201d, la cual inici\u00f3 este 25 de abril y concluir\u00e1 el pr\u00f3ximo 27 del mismo mes, cuyo horario de atenci\u00f3n ser\u00e1 de las 10:00 a las 19:00 horas.<\/p>\n<p>Es de inter\u00e9s de la Administraci\u00f3n Municipal que encabeza el Alcalde, Alfonso Mart\u00ednez Alc\u00e1zar, fomentar la lectura con este tipo de acciones, coment\u00f3 el Director de Asuntos Interinstitucionales y de Cabildo, Germ\u00e1n Mart\u00ednez Ramos.<\/p>\n<p>A la par, la Jefa de Departamento del Archivo Hist\u00f3rico Municipal, Martha Su\u00e1rez Cerda, asegur\u00f3 que la dependencia municipal a su cargo los espera con las puertas abiertas y con el personal a su cargo, atento para recibir a los asistentes en la b\u00fasqueda de llevar a casa un libro.<\/p>\n<p>Detall\u00f3 que la mec\u00e1nica para llevarse un t\u00edtulo es muy f\u00e1cil y consiste en realizar un recorrido por las diferentes mesas en las que se exponen los diferentes textos de obsequio y al seleccionar alguno de su preferencia, el ciudadano s\u00f3lo se registra a la salida, llev\u00e1ndose un libro por persona cada d\u00eda.<\/p>\n<p>Martha Su\u00e1rez afirm\u00f3 que a\u00fan se pueden realizar donaciones de libros a esta Sexta Jornada, en las instalaciones del Archivo las cuales est\u00e1n ubicadas en calle Galeana 302, en el Centro Hist\u00f3rico, con un horario de atenci\u00f3n al p\u00fablico de 9:00 a 18:00 horas.<\/p>\n<p>Cabe recordar que para la clausura de estas actividades se contar\u00e1 con novedades que no s\u00f3lo promover\u00e1n el gusto por leer un libro sino tambi\u00e9n despertar\u00e1n y alentar\u00e1n el gusto musical, con la presentaci\u00f3n de la obra de t\u00edteres \u201cHistoria y sue\u00f1os\u201d, que realiza Carlos Alarc\u00f3n a las 17:00 horas, as\u00ed como la Orquesta Infantil de Fomento y Desarrollo Social de la Secretar\u00eda de Cultura del Estado (SECUM), la cual dirige el Maestro Jos\u00e9 Arturo Mart\u00ednez a las 18:00 horas; todo el jueves 27 de abril.<\/p>\n<p>Adem\u00e1s se contar\u00e1 con la participaci\u00f3n de la Librer\u00eda Madero, que tendr\u00e1 en venta varios t\u00edtulos para todas las edades, incluso habr\u00e1 una secci\u00f3n de cuentos para ni\u00f1os que podr\u00e1n adquirirse en \u00e9sta Sexta Jornada del D\u00eda del Libro.<\/p>\n","protected":false},"excerpt":{"rendered":"<p>En aras de promover el acercamiento a los libros y la cultura, el Archivo Hist\u00f3rico Municipal de Morelia arranc\u00f3 las actividades de la \u201cSexta Jornada del D\u00eda del Libro\u201d, la cual inici\u00f3 este 25 de abril y concluir\u00e1 el pr\u00f3ximo 27 del mismo mes, cuyo horario de atenci\u00f3n ser\u00e1 de las 10:00 a las 19:00 [&hellip;]<\/p>\n","protected":false},"author":2,"featured_media":34559,"comment_status":"closed","ping_status":"closed","sticky":false,"template":"","format":"standard","meta":{"footnotes":""},"categories":[14,9],"tags":[],"class_list":["post-34558","post","type-post","status-publish","format-standard","has-post-thumbnail","hentry","category-destacadas","category-morelia"],"_links":{"self":[{"href":"https:\/\/radiowebmx.com\/nota\/wp-json\/wp\/v2\/posts\/34558","targetHints":{"allow":["GET"]}}],"collection":[{"href":"https:\/\/radiowebmx.com\/nota\/wp-json\/wp\/v2\/posts"}],"about":[{"href":"https:\/\/radiowebmx.com\/nota\/wp-json\/wp\/v2\/types\/post"}],"author":[{"embeddable":true,"href":"https:\/\/radiowebmx.com\/nota\/wp-json\/wp\/v2\/users\/2"}],"replies":[{"embeddable":true,"href":"https:\/\/radiowebmx.com\/nota\/wp-json\/wp\/v2\/comments?post=34558"}],"version-history":[{"count":1,"href":"https:\/\/radiowebmx.com\/nota\/wp-json\/wp\/v2\/posts\/34558\/revisions"}],"predecessor-version":[{"id":34560,"href":"https:\/\/radiowebmx.com\/nota\/wp-json\/wp\/v2\/posts\/34558\/revisions\/34560"}],"wp:featuredmedia":[{"embeddable":true,"href":"https:\/\/radiowebmx.com\/nota\/wp-json\/wp\/v2\/media\/34559"}],"wp:attachment":[{"href":"https:\/\/radiowebmx.com\/nota\/wp-json\/wp\/v2\/media?parent=34558"}],"wp:term":[{"taxonomy":"category","embeddable":true,"href":"https:\/\/radiowebmx.com\/nota\/wp-json\/wp\/v2\/categories?post=34558"},{"taxonomy":"post_tag","embeddable":true,"href":"https:\/\/radiowebmx.com\/nota\/wp-json\/wp\/v2\/tags?post=34558"}],"curies":[{"name":"wp","href":"https:\/\/api.w.org\/{rel}","templated":true}]}}