{"id":34509,"date":"2017-04-25T11:06:30","date_gmt":"2017-04-25T16:06:30","guid":{"rendered":"https:\/\/radiowebmx.com\/nota\/?p=34509"},"modified":"2017-04-25T11:06:30","modified_gmt":"2017-04-25T16:06:30","slug":"dia-del-nino-llega-a-las-tenencias-de-morelia","status":"publish","type":"post","link":"https:\/\/radiowebmx.com\/nota\/dia-del-nino-llega-a-las-tenencias-de-morelia\/","title":{"rendered":"D\u00eda del Ni\u00f1o, llega a las Tenencias de Morelia"},"content":{"rendered":"<p><a href=\"https:\/\/radiowebmx.com\/nota\/wp-content\/uploads\/2017\/04\/bd523b92-f159-4a3c-9073-0412900f212f-1.jpeg\"><img loading=\"lazy\" decoding=\"async\" src=\"https:\/\/radiowebmx.com\/nota\/wp-content\/uploads\/2017\/04\/bd523b92-f159-4a3c-9073-0412900f212f-1-595x396.jpeg\" alt=\"\" width=\"595\" height=\"396\" class=\"alignnone size-medium wp-image-34529\" srcset=\"https:\/\/radiowebmx.com\/nota\/wp-content\/uploads\/2017\/04\/bd523b92-f159-4a3c-9073-0412900f212f-1-595x396.jpeg 595w, https:\/\/radiowebmx.com\/nota\/wp-content\/uploads\/2017\/04\/bd523b92-f159-4a3c-9073-0412900f212f-1-150x100.jpeg 150w, https:\/\/radiowebmx.com\/nota\/wp-content\/uploads\/2017\/04\/bd523b92-f159-4a3c-9073-0412900f212f-1-400x266.jpeg 400w, https:\/\/radiowebmx.com\/nota\/wp-content\/uploads\/2017\/04\/bd523b92-f159-4a3c-9073-0412900f212f-1.jpeg 709w\" sizes=\"auto, (max-width: 595px) 100vw, 595px\" \/><\/a><\/p>\n<p>Este martes, el DIF Municipal llevar\u00e1 sonrisas y diversi\u00f3n a los ni\u00f1os de las tenencias de Chiquimit\u00edo y Atapaneo, como parte de los festejos del D\u00eda del Ni\u00f1o que emprende el Ayuntamiento de Morelia para que los peque\u00f1os que viven en la zona rural, sean parte de este gran d\u00eda para ellos.<\/p>\n<p>Las actividades comenzaron el pasado lunes con los festivales que se realizaron en las tenencias de San Nicol\u00e1s de Obispo y Morelos, en donde se dieron cita en las plazas principales cientos de ni\u00f1os para convivir en un ambiente totalmente familiar.<\/p>\n<p>En este sentido, la Presidenta Honoraria del DIF Municipal, Paola Delgadillo de Mart\u00ednez destac\u00f3 que en esta Administraci\u00f3n que encabeza el Alcalde, Alfonso Mart\u00ednez Alc\u00e1zar, se fij\u00f3 el compromiso de trasladar los festejos por el D\u00eda del Ni\u00f1o a las 14 Tenencias de Morelia.<\/p>\n<p>\u201cHay miles de ni\u00f1os que viven en la zona rural que no tienen la oportunidad de venir a la ciudad al evento que tradicionalmente se realiza el 30 de abril, por ello vamos hasta las Tenencias para que los peque\u00f1os se diviertan y pasen un rato agradable con las sorpresas que les tenemos preparadas\u201d, destac\u00f3.<\/p>\n<p>Record\u00f3 que para el d\u00eda 30 de abril se tiene listo un festejo en la Plaza Valladolid, cuya afluencia se estima de 6 mil peque\u00f1os que disfrutar\u00e1n de los espect\u00e1culos art\u00edsticos, juegos y regalos.<\/p>\n","protected":false},"excerpt":{"rendered":"<p>Este martes, el DIF Municipal llevar\u00e1 sonrisas y diversi\u00f3n a los ni\u00f1os de las tenencias de Chiquimit\u00edo y Atapaneo, como parte de los festejos del D\u00eda del Ni\u00f1o que emprende el Ayuntamiento de Morelia para que los peque\u00f1os que viven en la zona rural, sean parte de este gran d\u00eda para ellos. Las actividades comenzaron [&hellip;]<\/p>\n","protected":false},"author":2,"featured_media":34529,"comment_status":"closed","ping_status":"closed","sticky":false,"template":"","format":"standard","meta":{"footnotes":""},"categories":[14,9],"tags":[],"class_list":["post-34509","post","type-post","status-publish","format-standard","has-post-thumbnail","hentry","category-destacadas","category-morelia"],"_links":{"self":[{"href":"https:\/\/radiowebmx.com\/nota\/wp-json\/wp\/v2\/posts\/34509","targetHints":{"allow":["GET"]}}],"collection":[{"href":"https:\/\/radiowebmx.com\/nota\/wp-json\/wp\/v2\/posts"}],"about":[{"href":"https:\/\/radiowebmx.com\/nota\/wp-json\/wp\/v2\/types\/post"}],"author":[{"embeddable":true,"href":"https:\/\/radiowebmx.com\/nota\/wp-json\/wp\/v2\/users\/2"}],"replies":[{"embeddable":true,"href":"https:\/\/radiowebmx.com\/nota\/wp-json\/wp\/v2\/comments?post=34509"}],"version-history":[{"count":1,"href":"https:\/\/radiowebmx.com\/nota\/wp-json\/wp\/v2\/posts\/34509\/revisions"}],"predecessor-version":[{"id":34530,"href":"https:\/\/radiowebmx.com\/nota\/wp-json\/wp\/v2\/posts\/34509\/revisions\/34530"}],"wp:featuredmedia":[{"embeddable":true,"href":"https:\/\/radiowebmx.com\/nota\/wp-json\/wp\/v2\/media\/34529"}],"wp:attachment":[{"href":"https:\/\/radiowebmx.com\/nota\/wp-json\/wp\/v2\/media?parent=34509"}],"wp:term":[{"taxonomy":"category","embeddable":true,"href":"https:\/\/radiowebmx.com\/nota\/wp-json\/wp\/v2\/categories?post=34509"},{"taxonomy":"post_tag","embeddable":true,"href":"https:\/\/radiowebmx.com\/nota\/wp-json\/wp\/v2\/tags?post=34509"}],"curies":[{"name":"wp","href":"https:\/\/api.w.org\/{rel}","templated":true}]}}