{"id":34501,"date":"2017-04-24T21:12:54","date_gmt":"2017-04-25T02:12:54","guid":{"rendered":"https:\/\/radiowebmx.com\/nota\/?p=34501"},"modified":"2017-04-24T22:07:44","modified_gmt":"2017-04-25T03:07:44","slug":"sostiene-gobernador-reunion-con-lideres-sindicales-del-nivel-medio-superior-y-superior","status":"publish","type":"post","link":"https:\/\/radiowebmx.com\/nota\/sostiene-gobernador-reunion-con-lideres-sindicales-del-nivel-medio-superior-y-superior\/","title":{"rendered":"Sostiene Gobernador reuni\u00f3n con l\u00edderes sindicales del nivel medio superior y superior"},"content":{"rendered":"<p><a href=\"https:\/\/radiowebmx.com\/nota\/wp-content\/uploads\/2017\/04\/eedfd655-257a-44bf-ac0c-e0f1c57cc4da.jpeg\"><img loading=\"lazy\" decoding=\"async\" src=\"https:\/\/radiowebmx.com\/nota\/wp-content\/uploads\/2017\/04\/eedfd655-257a-44bf-ac0c-e0f1c57cc4da-595x396.jpeg\" alt=\"\" width=\"595\" height=\"396\" class=\"alignnone size-medium wp-image-34502\" srcset=\"https:\/\/radiowebmx.com\/nota\/wp-content\/uploads\/2017\/04\/eedfd655-257a-44bf-ac0c-e0f1c57cc4da-595x396.jpeg 595w, https:\/\/radiowebmx.com\/nota\/wp-content\/uploads\/2017\/04\/eedfd655-257a-44bf-ac0c-e0f1c57cc4da.jpeg 709w\" sizes=\"auto, (max-width: 595px) 100vw, 595px\" \/><\/a><\/p>\n<p>Morelia, Michoac\u00e1n, a 24 de abril del 2017.- El Gobernador Constitucional, Silvano Aureoles Conejo sostuvo una reuni\u00f3n de trabajo con los integrantes y l\u00edderes sindicales del Frente Estatal de Educaci\u00f3n Media Superior y Superior (FESEMSS), en donde refrend\u00f3 su compromiso de mantener una relaci\u00f3n cercana e institucional siempre en beneficio de la atenci\u00f3n de las y los j\u00f3venes de las distintas instituciones.<\/p>\n<p>\u201cEste encuentro obedece a tener una relaci\u00f3n abierta y franca con los distintos sindicatos. Vamos a dar un ordenamiento a las finanzas de los distintos espacios, vamos a trabajar de manera conjunta y atender lo que nos corresponde, siempre en el marco del respeto a las instituciones\u201d, extern\u00f3.<\/p>\n<p>El Gobernador se\u00f1al\u00f3 que se atender\u00e1n las prioridades acorde a las posibilidades financieras de la administraci\u00f3n estatal, esto con la prioridad de que tanto los trabajadores como la propia infraestructura educativa tengan las mejores condiciones para continuar con la mejora educativa en Michoac\u00e1n.<\/p>\n<p>Reconoci\u00f3 el avance de los Institutos Tecnol\u00f3gicos de ir en la b\u00fasqueda de la excelencia y de la calidad educativa, tanto en Morelia como al interior del estado, ante ello sostuvo que seguir\u00e1n atendiendo los pendientes para coordinar lo correspondiente al Gobierno del Estado en la participaci\u00f3n en dichos planteles.<\/p>\n<p>El mandatario estatal pidi\u00f3 tener una comunicaci\u00f3n rec\u00edproca en la que se puedan intercambiar puntos de vista sobre el sistema educativo en la entidad; en ese contexto, pidi\u00f3 a los representantes establecer un di\u00e1logo franco y directo con el que se pueda avanzar de manera conjunta por el bienestar de cada uno, tanto de los subsistemas, como instituciones de nivel medio-superior y superior.<\/p>\n<p>Reiter\u00f3 su respeto hacia la autonom\u00eda universitaria, en cuanto a la relaci\u00f3n con la Casa de Hidalgo, no obstante sostuvo que es necesario hacer una reflexi\u00f3n y encuentro de di\u00e1logo sobre el futuro de la Universidad y enfrentar los retos de la instituci\u00f3n.<\/p>\n<p>El secretario de Gobierno, Adri\u00e1n L\u00f3pez Sol\u00eds, quien convoc\u00f3 a la reuni\u00f3n y ha servido como enlace junto al Alberto Frutis Sol\u00eds, titular de la Secretar\u00eda de Educaci\u00f3n en el Estado (SEE) con los representantes de los gremios, expres\u00f3 que se continuar\u00e1 trabajando para atender los temas que cada uno de los gremios tiene en su agenda y que permita avanzar en los pendientes.<\/p>\n<p>L\u00f3pez Sol\u00eds expuso que con la reuni\u00f3n se establece el v\u00ednculo cercano del Gobierno del Estado con los gremios sindicales, ante ello refrend\u00f3 que seguir\u00e1 dando una atenci\u00f3n puntual a cada uno de los subsistemas e instituciones en la medida de las competencias.<\/p>\n<p>\u201cLa ventaja de este d\u00eda es que el Gobernador ha recogido la gesti\u00f3n directa de ustedes, y ahora vamos a retomar las mesas que se han trabajado con los titulares de las distintas \u00e1reas, para que le demos un trato puntual a cada instituci\u00f3n para dar seguimiento a lo expuesto\u201d, dijo.<\/p>\n<p>Por su parte Gaspar Romero Campos, secretario general de FESEMSS, agradeci\u00f3 la atenci\u00f3n tanto del Gobernador Silvano Aureoles Conejo, como del secretario de Gobierno, Adri\u00e1n L\u00f3pez Sol\u00eds, con quienes dijo han tenido una comunicaci\u00f3n cercana y directa, y de igual manera refrend\u00f3 que seguir\u00e1n mediante el di\u00e1logo coadyuvando por el bienestar de cada una de las instituciones.<\/p>\n<p>En la reuni\u00f3n realizada en Casa de Gobierno, estuvieron presentes los representantes de 20 gremios, entre ellos el Sindicato \u00danico de Empleados de la Universidad Michoacana (SUEUM); Sindicato \u00danico de Trabajadores del Conalep; Sindicato de Trabajadores del Icatmi; Sindicato de Trabajadores del Colegio de Bachilleres; as\u00ed como los dirigentes de los gremios de distintos Tecnol\u00f3gicos tanto de Morelia, como del interior del estado, entre otros.<\/p>\n","protected":false},"excerpt":{"rendered":"<p>Morelia, Michoac\u00e1n, a 24 de abril del 2017.- El Gobernador Constitucional, Silvano Aureoles Conejo sostuvo una reuni\u00f3n de trabajo con los integrantes y l\u00edderes sindicales del Frente Estatal de Educaci\u00f3n Media Superior y Superior (FESEMSS), en donde refrend\u00f3 su compromiso de mantener una relaci\u00f3n cercana e institucional siempre en beneficio de la atenci\u00f3n de las [&hellip;]<\/p>\n","protected":false},"author":2,"featured_media":34502,"comment_status":"closed","ping_status":"closed","sticky":false,"template":"","format":"standard","meta":{"footnotes":""},"categories":[14,3],"tags":[],"class_list":["post-34501","post","type-post","status-publish","format-standard","has-post-thumbnail","hentry","category-destacadas","category-gobierno-del-estado-de-michoacan"],"_links":{"self":[{"href":"https:\/\/radiowebmx.com\/nota\/wp-json\/wp\/v2\/posts\/34501","targetHints":{"allow":["GET"]}}],"collection":[{"href":"https:\/\/radiowebmx.com\/nota\/wp-json\/wp\/v2\/posts"}],"about":[{"href":"https:\/\/radiowebmx.com\/nota\/wp-json\/wp\/v2\/types\/post"}],"author":[{"embeddable":true,"href":"https:\/\/radiowebmx.com\/nota\/wp-json\/wp\/v2\/users\/2"}],"replies":[{"embeddable":true,"href":"https:\/\/radiowebmx.com\/nota\/wp-json\/wp\/v2\/comments?post=34501"}],"version-history":[{"count":1,"href":"https:\/\/radiowebmx.com\/nota\/wp-json\/wp\/v2\/posts\/34501\/revisions"}],"predecessor-version":[{"id":34503,"href":"https:\/\/radiowebmx.com\/nota\/wp-json\/wp\/v2\/posts\/34501\/revisions\/34503"}],"wp:featuredmedia":[{"embeddable":true,"href":"https:\/\/radiowebmx.com\/nota\/wp-json\/wp\/v2\/media\/34502"}],"wp:attachment":[{"href":"https:\/\/radiowebmx.com\/nota\/wp-json\/wp\/v2\/media?parent=34501"}],"wp:term":[{"taxonomy":"category","embeddable":true,"href":"https:\/\/radiowebmx.com\/nota\/wp-json\/wp\/v2\/categories?post=34501"},{"taxonomy":"post_tag","embeddable":true,"href":"https:\/\/radiowebmx.com\/nota\/wp-json\/wp\/v2\/tags?post=34501"}],"curies":[{"name":"wp","href":"https:\/\/api.w.org\/{rel}","templated":true}]}}