{"id":3450,"date":"2013-08-13T09:05:10","date_gmt":"2013-08-13T14:05:10","guid":{"rendered":"https:\/\/radiowebmx.com\/nota\/?p=3450"},"modified":"2013-08-13T09:05:10","modified_gmt":"2013-08-13T14:05:10","slug":"temas-de-cafe-67","status":"publish","type":"post","link":"https:\/\/radiowebmx.com\/nota\/temas-de-cafe-67\/","title":{"rendered":"TEMAS DE CAF\u00c9"},"content":{"rendered":"<ul>\n<li><a href=\"https:\/\/radiowebmx.com\/nota\/wp-content\/uploads\/2013\/06\/temas-de-cafe.jpg\"><img loading=\"lazy\" decoding=\"async\" class=\"alignleft size-full wp-image-2805\" alt=\"temas de cafe\" src=\"https:\/\/radiowebmx.com\/nota\/wp-content\/uploads\/2013\/06\/temas-de-cafe.jpg\" width=\"295\" height=\"171\" \/><\/a>\u00bfATRAER LAS INVERSIONES?<\/li>\n<li>MORELIA EN VIALIDADES: 5<\/li>\n<li>\u00bfLA IP LISTA PARA EL PODER?<\/li>\n<li>UN ACUERDO MUY AMBICIOSO<\/li>\n<\/ul>\n<p>&nbsp;<\/p>\n<p>Nos parece que el borrador del llamado Acuerdo por Michoac\u00e1n, es esplendoroso, magn\u00edfico, excelente, muy ambicioso y nos faltan los adjetivos calificativos para exponerlo ante usted, pero hemos aprendido que cuando se sue\u00f1a en grande, se puede fracasar sobre todo tomando en cuenta lo enredoso que somos los michoacanos, ya que para ponernos de acuerdo, nos llevamos d\u00e9cadas, y le ponemos un ejemplo: la carretera de Uruapan a Zamora, tiene proyectada desde el gobierno de Tinoco Rub\u00ed, dentro del Plan 20-30 y todav\u00eda est\u00e1 en veremos, porque no se ponen de acuerdo, por los lugares que pasar\u00e1, ni los permisos para su construcci\u00f3n, o derecho de paso<\/p>\n<p>POLITICOS, IP, CONGRESO Y GOBIERNO DE ACUERDO<\/p>\n<p>De acuerdo a la informaci\u00f3n dada a conocer ayer, el llamado borrador, se compone entre otras cosas, vea usted de hacerse verdad, estar\u00edamos evolucionando varios a\u00f1os luz y desde luego, aunque nos parece imposible, esperamos fervientemente que sea cierto y que se logre consensuar este Acuerdo y se ponga en pr\u00e1ctica lo antes posible, para poder iniciar a recomponer el tejido social michoacano, ya que nos estamos quedando atr\u00e1s, en relaci\u00f3n a los estados vecinos, quitando a Guerrero.<\/p>\n<p>El borrador contiene propuestas para: fortalecer el nuevo sistema de justicia penal, mando \u00fanico de la polic\u00eda, reestructuraci\u00f3n y modernizaci\u00f3n del sistema llamado C-4, fin de las minutas fuera de la ley, aparte el Acuerdo por Michoac\u00e1n, se integra de cinco ejes rectores, que tienen que ver con la seguridad, gobernabilidad y justicia. Desarrollo Econ\u00f3mico.- Desarrollo Social.-Educaci\u00f3n y Administraci\u00f3n y rendici\u00f3n de cuentas, todo esto a grandes rasgos y es que pensamos, que igual a la obesidad que causa muchos problemas a los seres humanos, la inseguridad es igual al Estado.<\/p>\n<p>En los seres humanos eliminando la obesidad, se subsana la mayor\u00eda de los problemas de salud de los seres humanos, igual al Estado, solucionando el problema de inseguridad, se solucionan la mayor\u00eda de los problemas que hoy aquejan al Estado, y sabemos que cuando se crea una comisi\u00f3n, es para hablar mucho del asunto, pero no para solucionarlo, porque nunca se ponen de acuerdo, donde est\u00e1n dos o tres personas, m\u00e1s cuando son de diferente partido, ideolog\u00eda\u00a0 y color, pero olvidando nuestras reticencias, esperamos que todo funcione a la perfecci\u00f3n y que nos equivoquemos en esta ocasi\u00f3n,\u00a0 y que todos estos se\u00f1ores dejen de lado sus intereses personales y de grupo y piensen solamente en Michoac\u00e1n.<\/p>\n<p>JUAN PABLO ARRIAGA, FORTALECER LA MICRO EMPRESA<\/p>\n<p>Fue agradable ver que Juan Pablo Arriaga, fue recibido muy bien, por la mayor\u00eda de la clase empresarial mediana del estado, y de Morelia, bien, porque no vimos a los grandes, tanto los de Tres Mar\u00edas como de Altozano, que desde luego nos guste o no son referentes importantes, de cualquier manera consideramos que Juan Pablo tiene una buena oportunidad de hacer honor a su padre, el ex gobernador Agust\u00edn Arriaga Rivera, hombre que en su momento fue repudiado, por atentar contra la Casa de Hidalgo, y haber aprobado o no oponerse, a la incursi\u00f3n del ej\u00e9rcito al Colegio de San Nicol\u00e1s.<\/p>\n<p>Hoy Juan Pablo tiene la oportunidad hist\u00f3rica\u00a0 de recordar a su padre, y de demostrar que lo que hizo, fue en bien de Michoac\u00e1n en su momento, y con un buen trabajo sensible y social, borrar a\u00fan los malos comentarios, y desde luego como est\u00e1 la situaci\u00f3n, se debe olvidar un poco de poner todo su empe\u00f1o y esfuerzo, en atraer capitales nacionales y extranjeros, por hoy, debe centrar su dedicaci\u00f3n en fortalecer los que est\u00e1n y que amenazan con irse.<\/p>\n<p>Hoy\u00a0 m\u00e1s que nunca debe encausar su esfuerzo, en ayudar crediticia y t\u00e9cnicamente a los peque\u00f1os empresarios, a las tienditas de la esquina, las farmacias que han ido desapareciendo, esos peque\u00f1os comercios deben ser atendidos, para evitar su extinci\u00f3n, porque si usted se ha fijado, las tiendas Oxo y las Extra, as\u00ed como las bodegas Aurrer\u00e1 que empiezan a proliferar, as\u00ed como las Farmacias Guadalajara y todos esos comercios que ofrecen de todo, est\u00e1n matando a las tiendas de la esquina.<\/p>\n<p>Existen estudios que cada Oxo, mata cien tienditas de colonia, y no nos oponemos a que se sigan creando, esta clase de tiendas, esto es producto de la libre competencia, por ello hay que fortalecer a los peque\u00f1os comercios, a las peque\u00f1as industrias, para que no sean eliminadas, por el pez m\u00e1s grande, creemos que en este rubro debe centrar m\u00e1s la atenci\u00f3n Juan Pablo Arriaga, quien obviamente debe hacer cambios en\u00a0 la estructura de la Sedeco, para ubicar gente que realmente tenga vocaci\u00f3n de servicio, porque los juniors, son eso juniors y \u00e9l debe demostrar, que hace tiempo que dej\u00f3 de ser un simple junior.<\/p>\n<p>LOS RICOS DEL PUEBLO, VAN POR EL PODER<\/p>\n<p>Recordar\u00e1 usted que hace varios a\u00f1os, se juntaron los notables, los ricos del pueblo y buscaron la posibilidad, de que no hubiera elecciones, por el tiempo tan breve de la administraci\u00f3n, tres a\u00f1os, siete meses con 21 d\u00edas, propusieron que una junta de notables, designara al gobernador, y a su vez al equipo de trabajo, en coordinaci\u00f3n con los partidos pol\u00edticos, porque argumentaron\u00a0 que la inseguridad, evitar\u00eda que se realizaran las elecciones en paz.<\/p>\n<p>La propuesta fue desechada, finalmente usted sabe hubo elecciones, con problemas a tal grado que por ejemplo en Morelia, si se cumpli\u00f3 el sue\u00f1o de la IP, por eso qued\u00f3 los primeros meses un empresario, Manuel Nocetti m\u00e1s Tiznado que Nocetti, , quien dej\u00f3 una espesa estela de corrupci\u00f3n, y es el mejor pretexto ahora, para evitar que los empresarios, los ricos y due\u00f1os del pueblo, busquen designar en petit comit\u00e9, tanto al gobernador, alcaldes y seguramente diputados, porque aseguran que los pol\u00edticos no sirven y que solamente ellos, pueden tomar las riendas de las administraciones, en tiempos problem\u00e1ticos.<\/p>\n<p>DESDE EL FAMOSO PACTO DE CLAVIJERO<\/p>\n<p>Seguramente usted recuerda al famoso Pacto de Clavijero, donde los\u00a0\u00a0\u00a0\u00a0\u00a0 due\u00f1os de la plata, buscaron evitar que hubiera un gobierno peque\u00f1o, y que mejor surgiera el gobernante de un pacto, el gobierno ser\u00eda de cuatro a\u00f1os, o sea fue cuando Leonel gan\u00f3 las elecciones, tanto a Jes\u00fas Reyna como al Chavo L\u00f3pez Ordu\u00f1a, despu\u00e9s ya en el gobierno de Leonel otra vez los ricos,\u00a0 buscaron la forma de elegir ellos a los gobernantes, y estamos seguros que en esta ocasi\u00f3n, como est\u00e1n las cosas, buscar\u00e1n otra vez, por tercera ocasi\u00f3n, ser ellos los factores de decisi\u00f3n y pondr\u00e1n como justificaci\u00f3n, la situaci\u00f3n que vive la entidad, ya lo ver\u00e1n, y dicen que la tercera es la vencida.<\/p>\n<p>WILFRIDO O EL PROXIMO, VIALIDADES<\/p>\n<p>Lo ideal ser\u00eda que el actual alcalde moreliano, Wilfrido L\u00e1zaro Medina, gestionara ante la federaci\u00f3n, varios aspectos pero ya, primero mejorar las vialidades, Morelia necesita urgentemente el distribuidor vial de P\u00edpila, es indispensable porque ah\u00ed todos los d\u00edas se crea un Nudo Gordiano, que causa p\u00e9rdida de tiempo, de adrenalina, contaminaci\u00f3n y mentadas de madre, sabemos que la inversi\u00f3n hoy es m\u00e1s elevada que hace cuatro a\u00f1os, cuando Fausto recuerda usted, puso una manta en P\u00edpila donde le agradec\u00eda a Felipe Calder\u00f3n, la construcci\u00f3n de dicho distribuidor vial.<\/p>\n<p>Todo estaba dispuesto para la construcci\u00f3n de ese distribuidor, pero se cambi\u00f3 por el de la salida a Charo, y posteriormente por el de la salida a Quiroga, dos distribuidores que desde luego se necesitaban, pero no como el de P\u00edpila, pero todo se ech\u00f3 a perder, porque supuestamente ese distribuidor de P\u00edpila afectaba los intereses comerciales, de un hombre que en ese momento era muy poderoso, ese se\u00f1or se llama C\u00e9sar Nava, que fue uno de los personajes consentidos en los primeros tres a\u00f1os, de Felipe Calder\u00f3n ex presidente de M\u00e9xico.<\/p>\n<p>QUE FAUSTO REGRESA EN 15 DIAS<\/p>\n<p>Fuentes generalmente fidedignas, nos aseguraron que el gobernador con licencia Fausto Vallejo, regresar\u00e1 a Morelia en unos 15 d\u00edas a m\u00e1s tardar, para concluir su convalecencia en esta ciudad, lo cual esperamos sea cierto, que se mejore pero que no se vaya a meter en la administraci\u00f3n estatal, que deje a Jes\u00fas hacer su trabajo, para que pueda responderle a los michoacanos, y que mejore desde luego que lo haga, pero guardando su lugar hasta, de ser posible\u00a0 regrese al gobierno, mientras tanto, los mirones son de palo.<\/p>\n","protected":false},"excerpt":{"rendered":"<p>\u2022\t\u00bfATRAER LAS INVERSIONES?<br \/>\n\u2022\tMORELIA EN VIALIDADES: 5<br \/>\n\u2022\t\u00bfLA IP LISTA PARA EL PODER?<br \/>\n\u2022\tUN ACUERDO MUY AMBICIOSO<\/p>\n","protected":false},"author":1,"featured_media":0,"comment_status":"open","ping_status":"open","sticky":false,"template":"","format":"standard","meta":{"footnotes":""},"categories":[4,10],"tags":[],"class_list":["post-3450","post","type-post","status-publish","format-standard","hentry","category-columnistas","category-juan-manuel-belmonte"],"_links":{"self":[{"href":"https:\/\/radiowebmx.com\/nota\/wp-json\/wp\/v2\/posts\/3450","targetHints":{"allow":["GET"]}}],"collection":[{"href":"https:\/\/radiowebmx.com\/nota\/wp-json\/wp\/v2\/posts"}],"about":[{"href":"https:\/\/radiowebmx.com\/nota\/wp-json\/wp\/v2\/types\/post"}],"author":[{"embeddable":true,"href":"https:\/\/radiowebmx.com\/nota\/wp-json\/wp\/v2\/users\/1"}],"replies":[{"embeddable":true,"href":"https:\/\/radiowebmx.com\/nota\/wp-json\/wp\/v2\/comments?post=3450"}],"version-history":[{"count":2,"href":"https:\/\/radiowebmx.com\/nota\/wp-json\/wp\/v2\/posts\/3450\/revisions"}],"predecessor-version":[{"id":3452,"href":"https:\/\/radiowebmx.com\/nota\/wp-json\/wp\/v2\/posts\/3450\/revisions\/3452"}],"wp:attachment":[{"href":"https:\/\/radiowebmx.com\/nota\/wp-json\/wp\/v2\/media?parent=3450"}],"wp:term":[{"taxonomy":"category","embeddable":true,"href":"https:\/\/radiowebmx.com\/nota\/wp-json\/wp\/v2\/categories?post=3450"},{"taxonomy":"post_tag","embeddable":true,"href":"https:\/\/radiowebmx.com\/nota\/wp-json\/wp\/v2\/tags?post=3450"}],"curies":[{"name":"wp","href":"https:\/\/api.w.org\/{rel}","templated":true}]}}