{"id":34498,"date":"2017-04-24T19:57:53","date_gmt":"2017-04-25T00:57:53","guid":{"rendered":"https:\/\/radiowebmx.com\/nota\/?p=34498"},"modified":"2017-04-24T21:59:34","modified_gmt":"2017-04-25T02:59:34","slug":"con-sonrisas-y-sorpresas-gobierno-municipal-arranca-las-celebraciones-del-dia-del-nino","status":"publish","type":"post","link":"https:\/\/radiowebmx.com\/nota\/con-sonrisas-y-sorpresas-gobierno-municipal-arranca-las-celebraciones-del-dia-del-nino\/","title":{"rendered":"Con sonrisas y sorpresas, Gobierno Municipal arranca las celebraciones del D\u00eda del Ni\u00f1o"},"content":{"rendered":"<p><a href=\"https:\/\/radiowebmx.com\/nota\/wp-content\/uploads\/2017\/04\/bd523b92-f159-4a3c-9073-0412900f212f.jpeg\"><img loading=\"lazy\" decoding=\"async\" src=\"https:\/\/radiowebmx.com\/nota\/wp-content\/uploads\/2017\/04\/bd523b92-f159-4a3c-9073-0412900f212f-595x396.jpeg\" alt=\"\" width=\"595\" height=\"396\" class=\"alignnone size-medium wp-image-34499\" srcset=\"https:\/\/radiowebmx.com\/nota\/wp-content\/uploads\/2017\/04\/bd523b92-f159-4a3c-9073-0412900f212f-595x396.jpeg 595w, https:\/\/radiowebmx.com\/nota\/wp-content\/uploads\/2017\/04\/bd523b92-f159-4a3c-9073-0412900f212f.jpeg 709w\" sizes=\"auto, (max-width: 595px) 100vw, 595px\" \/><\/a><\/p>\n<p>En el marco de la celebraci\u00f3n del D\u00eda del Ni\u00f1o que se conmemora el pr\u00f3ximo 30 de abril, el Ayuntamiento de Morelia que encabeza el Presidente Municipal Alfonso Mart\u00ednez, arranc\u00f3 este lunes con los festejos a trav\u00e9s de festivales conmemorativos a la fecha, donde miles de ni\u00f1os de las Tenencias de San Nicol\u00e1s de Obispo y Morelos, se dieron cita en las plazas principales para disfrutar de una jornada llena de sorpresas, juegos, dulces y entretenimiento.<\/p>\n<p>Durante la ma\u00f1ana de este lunes las celebraciones comenzaron en la Tenencia de San Nicol\u00e1s de Obispo donde la Presidenta Honoraria del Sistema DIF Morelia, Paola Delgadillo de Mart\u00ednez acompa\u00f1ada por el S\u00edndico Municipal, Fabio       Sistos Rangel y el Secretario de Desarrollo Humano y Bienestar Social, Guillermo Mar\u00edn Ch\u00e1vez, se dio cita en la Tenencia para encabezar el Primer Festival del D\u00eda del Ni\u00f1o de este 2017, arrancando las sonrisas de los casi 600 peque\u00f1os presentes a trav\u00e9s de juegos, sorpresas, aguinaldos y regalos.<\/p>\n<p>Durante el acto de inauguraci\u00f3n del Festival, Delgadillo de Mart\u00ednez afirm\u00f3 que para la Administraci\u00f3n que encabeza el Presidente Municipal de Morelia, Alfonso Mart\u00ednez Alc\u00e1zar, resulta primordial el vigilar el correcto desarrollo f\u00edsico y mental de los peque\u00f1os, situaci\u00f3n por la cual adem\u00e1s de juegos, regalos y bocadillos, se acercaron a la Tenencia servicios que incluyeron activaci\u00f3n f\u00edsica, salud bucal y actividades l\u00fadicas.<\/p>\n<p>Asimismo en el transcurso de la tarde arranc\u00f3 de manera oficial en la Plaza Principal de la Tenencia Morelos, el segundo Festival del D\u00eda del Ni\u00f1o en donde adem\u00e1s de la Presidenta del Sistema DIF Morelia y el S\u00edndico Municipal, Fabio Sistos Rangel, asistieron la Encargada de Despacho del DIF Morelia y la Regidora, Mar\u00eda Elisa Garrido P\u00e9rez, para hacer entrega de aguinaldos a los peque\u00f1os que habitan el lugar.<\/p>\n<p>En medio de juegos inflables, espect\u00e1culos de payasos, juegos mec\u00e1nicos, bocadillos, pastel, aguas frescas, rifas de balones, pintura de rostros gratuita y un ambiente familiar aderezado con la presencia de m\u00e9dicos en ambulancias y soldados a los que los peque\u00f1os se acercaron a saludar, el S\u00edndico Municipal, Fabio Sistos Rangel exhort\u00f3 a los miles de presentes a disfrutar del esfuerzo que las diversas dependencias municipales en conjunto han logrado con estos festivales, ideados para celebrar y ofrecerles el mejor d\u00eda a los ni\u00f1os de Morelia.<\/p>\n<p>El Ayuntamiento de Morelia a trav\u00e9s del DIF Municipal y el resto de las dependencias ofrecer\u00e1 festivales del d\u00eda del Ni\u00f1o en las 14 Tenencias de la Capital Michoacana y por supuesto el d\u00eda 30 de abril en la Plaza Valladolid en donde se espera la presencia de 6 mil peque\u00f1os.<\/p>\n","protected":false},"excerpt":{"rendered":"<p>En el marco de la celebraci\u00f3n del D\u00eda del Ni\u00f1o que se conmemora el pr\u00f3ximo 30 de abril, el Ayuntamiento de Morelia que encabeza el Presidente Municipal Alfonso Mart\u00ednez, arranc\u00f3 este lunes con los festejos a trav\u00e9s de festivales conmemorativos a la fecha, donde miles de ni\u00f1os de las Tenencias de San Nicol\u00e1s de Obispo [&hellip;]<\/p>\n","protected":false},"author":2,"featured_media":34499,"comment_status":"closed","ping_status":"closed","sticky":false,"template":"","format":"standard","meta":{"footnotes":""},"categories":[14,9],"tags":[],"class_list":["post-34498","post","type-post","status-publish","format-standard","has-post-thumbnail","hentry","category-destacadas","category-morelia"],"_links":{"self":[{"href":"https:\/\/radiowebmx.com\/nota\/wp-json\/wp\/v2\/posts\/34498","targetHints":{"allow":["GET"]}}],"collection":[{"href":"https:\/\/radiowebmx.com\/nota\/wp-json\/wp\/v2\/posts"}],"about":[{"href":"https:\/\/radiowebmx.com\/nota\/wp-json\/wp\/v2\/types\/post"}],"author":[{"embeddable":true,"href":"https:\/\/radiowebmx.com\/nota\/wp-json\/wp\/v2\/users\/2"}],"replies":[{"embeddable":true,"href":"https:\/\/radiowebmx.com\/nota\/wp-json\/wp\/v2\/comments?post=34498"}],"version-history":[{"count":1,"href":"https:\/\/radiowebmx.com\/nota\/wp-json\/wp\/v2\/posts\/34498\/revisions"}],"predecessor-version":[{"id":34500,"href":"https:\/\/radiowebmx.com\/nota\/wp-json\/wp\/v2\/posts\/34498\/revisions\/34500"}],"wp:featuredmedia":[{"embeddable":true,"href":"https:\/\/radiowebmx.com\/nota\/wp-json\/wp\/v2\/media\/34499"}],"wp:attachment":[{"href":"https:\/\/radiowebmx.com\/nota\/wp-json\/wp\/v2\/media?parent=34498"}],"wp:term":[{"taxonomy":"category","embeddable":true,"href":"https:\/\/radiowebmx.com\/nota\/wp-json\/wp\/v2\/categories?post=34498"},{"taxonomy":"post_tag","embeddable":true,"href":"https:\/\/radiowebmx.com\/nota\/wp-json\/wp\/v2\/tags?post=34498"}],"curies":[{"name":"wp","href":"https:\/\/api.w.org\/{rel}","templated":true}]}}