{"id":34495,"date":"2017-04-24T18:32:31","date_gmt":"2017-04-24T23:32:31","guid":{"rendered":"https:\/\/radiowebmx.com\/nota\/?p=34495"},"modified":"2017-04-24T21:57:24","modified_gmt":"2017-04-25T02:57:24","slug":"calle-ignacio-zaragoza-se-transforma-por-obras-de-peatonalizacion","status":"publish","type":"post","link":"https:\/\/radiowebmx.com\/nota\/calle-ignacio-zaragoza-se-transforma-por-obras-de-peatonalizacion\/","title":{"rendered":"Calle Ignacio Zaragoza se transforma por obras de peatonalizaci\u00f3n"},"content":{"rendered":"<p><a href=\"https:\/\/radiowebmx.com\/nota\/wp-content\/uploads\/2017\/04\/75a7fcb9-5e22-44fb-9fe9-ae7c699a160b.jpeg\"><img loading=\"lazy\" decoding=\"async\" src=\"https:\/\/radiowebmx.com\/nota\/wp-content\/uploads\/2017\/04\/75a7fcb9-5e22-44fb-9fe9-ae7c699a160b-595x396.jpeg\" alt=\"\" width=\"595\" height=\"396\" class=\"alignnone size-medium wp-image-34496\" srcset=\"https:\/\/radiowebmx.com\/nota\/wp-content\/uploads\/2017\/04\/75a7fcb9-5e22-44fb-9fe9-ae7c699a160b-595x396.jpeg 595w, https:\/\/radiowebmx.com\/nota\/wp-content\/uploads\/2017\/04\/75a7fcb9-5e22-44fb-9fe9-ae7c699a160b.jpeg 709w\" sizes=\"auto, (max-width: 595px) 100vw, 595px\" \/><\/a><\/p>\n<p>Con el objetivo de consolidar una movilidad sostenible y donde los ciudadanos se apoderen de los espacios p\u00fablicos, el Ayuntamiento de Morelia a trav\u00e9s de la Secretar\u00eda de Desarrollo Metropolitano e Infraestructura cerr\u00f3 de manera parcial la calle Ignacio Zaragoza, como parte del proyecto de peatonalizaci\u00f3n en el Primer Cuadro de la ciudad.<\/p>\n<p>Estos trabajos, coment\u00f3 el titular de dicha Secretar\u00eda, Juan Fernando Sosa Tapia, comprenden: Demolici\u00f3n de pavimento; Mejoramiento de terracer\u00edas; Colado de concreto y Colocaci\u00f3n de loseta de p\u00f3rfido.<\/p>\n<p>Detall\u00f3 que la obra abarca 344m2 que comprende la calle Ignacio Zaragoza, tramo Avenida Madero Poniente-Ocampo, con lo cual se pretende dar al peat\u00f3n la prioridad de circulaci\u00f3n en el \u00e1rea, el proyecto est\u00e1 basado en la semi peatonalizaci\u00f3n de la calle, limitando la circulaci\u00f3n de autos solo para el acceso al estacionamiento p\u00fablico en la banqueta del lado Poniente.<\/p>\n<p>Sosa Tapia refiri\u00f3 que esta acci\u00f3n forma parte de la primera etapa de la peatonalizaci\u00f3n, la cual desde la Administraci\u00f3n Municipal que encabeza el Alcalde, Alfonso Mart\u00ednez Alc\u00e1zar se implementa como una estrategia de desarrollo y sustentabilidad.<\/p>\n<p>De esta forma el Ayuntamiento de Morelia emprende acciones en beneficio de la sociedad y que posicionen a la ciudad a la vanguardia, con la movilidad urbana equilibrada en esta zona.<\/p>\n","protected":false},"excerpt":{"rendered":"<p>Con el objetivo de consolidar una movilidad sostenible y donde los ciudadanos se apoderen de los espacios p\u00fablicos, el Ayuntamiento de Morelia a trav\u00e9s de la Secretar\u00eda de Desarrollo Metropolitano e Infraestructura cerr\u00f3 de manera parcial la calle Ignacio Zaragoza, como parte del proyecto de peatonalizaci\u00f3n en el Primer Cuadro de la ciudad. Estos trabajos, [&hellip;]<\/p>\n","protected":false},"author":2,"featured_media":34496,"comment_status":"closed","ping_status":"closed","sticky":false,"template":"","format":"standard","meta":{"footnotes":""},"categories":[14,9],"tags":[],"class_list":["post-34495","post","type-post","status-publish","format-standard","has-post-thumbnail","hentry","category-destacadas","category-morelia"],"_links":{"self":[{"href":"https:\/\/radiowebmx.com\/nota\/wp-json\/wp\/v2\/posts\/34495","targetHints":{"allow":["GET"]}}],"collection":[{"href":"https:\/\/radiowebmx.com\/nota\/wp-json\/wp\/v2\/posts"}],"about":[{"href":"https:\/\/radiowebmx.com\/nota\/wp-json\/wp\/v2\/types\/post"}],"author":[{"embeddable":true,"href":"https:\/\/radiowebmx.com\/nota\/wp-json\/wp\/v2\/users\/2"}],"replies":[{"embeddable":true,"href":"https:\/\/radiowebmx.com\/nota\/wp-json\/wp\/v2\/comments?post=34495"}],"version-history":[{"count":1,"href":"https:\/\/radiowebmx.com\/nota\/wp-json\/wp\/v2\/posts\/34495\/revisions"}],"predecessor-version":[{"id":34497,"href":"https:\/\/radiowebmx.com\/nota\/wp-json\/wp\/v2\/posts\/34495\/revisions\/34497"}],"wp:featuredmedia":[{"embeddable":true,"href":"https:\/\/radiowebmx.com\/nota\/wp-json\/wp\/v2\/media\/34496"}],"wp:attachment":[{"href":"https:\/\/radiowebmx.com\/nota\/wp-json\/wp\/v2\/media?parent=34495"}],"wp:term":[{"taxonomy":"category","embeddable":true,"href":"https:\/\/radiowebmx.com\/nota\/wp-json\/wp\/v2\/categories?post=34495"},{"taxonomy":"post_tag","embeddable":true,"href":"https:\/\/radiowebmx.com\/nota\/wp-json\/wp\/v2\/tags?post=34495"}],"curies":[{"name":"wp","href":"https:\/\/api.w.org\/{rel}","templated":true}]}}