{"id":3447,"date":"2013-08-13T09:02:52","date_gmt":"2013-08-13T14:02:52","guid":{"rendered":"https:\/\/radiowebmx.com\/nota\/?p=3447"},"modified":"2013-08-13T09:02:52","modified_gmt":"2013-08-13T14:02:52","slug":"encuentro-internacional-a-favor-de-primera-infancia-permitira-conocer-metodos-que-mejoren-desarrollo-de-ninos-michoacanos-diputadas-pan","status":"publish","type":"post","link":"https:\/\/radiowebmx.com\/nota\/encuentro-internacional-a-favor-de-primera-infancia-permitira-conocer-metodos-que-mejoren-desarrollo-de-ninos-michoacanos-diputadas-pan\/","title":{"rendered":"Encuentro Internacional a favor de Primera Infancia permitir\u00e1 conocer m\u00e9todos que mejoren desarrollo de ni\u00f1os michoacanos: Diputadas PAN"},"content":{"rendered":"<p><a href=\"https:\/\/radiowebmx.com\/nota\/wp-content\/uploads\/2013\/08\/Diputadas-PAN-en-encuentro-sobre-primera-infancia.jpg\"><img loading=\"lazy\" decoding=\"async\" class=\"alignleft size-full wp-image-3448\" alt=\"Diputadas PAN en encuentro sobre primera infancia\" src=\"https:\/\/radiowebmx.com\/nota\/wp-content\/uploads\/2013\/08\/Diputadas-PAN-en-encuentro-sobre-primera-infancia.jpg\" width=\"591\" height=\"270\" \/><\/a>\u201cCada a\u00f1o, m\u00e1s de 200 millones de ni\u00f1os menores de cinco a\u00f1os no alcanzan su pleno potencial cognitivo, as\u00ed como social, por lo que nuestro objetivo es encontrar y aplicar un plan que permita reducir estas cifras, a trav\u00e9s de la realizaci\u00f3n de un an\u00e1lisis de la situaci\u00f3n actual, logros, experiencias\u00a0 y desaf\u00edos de la atenci\u00f3n, educaci\u00f3n y desarrollo de la primera infancia, para ampliar cobertura y mejorar la calidad de servicios en respuesta a las necesidades de equidad de la poblaci\u00f3n infantil\u201d, as\u00ed lo se\u00f1alaron las diputadas Bertha Ligia L\u00f3pez Aceves y Laura Gonz\u00e1lez Mart\u00ednez.<\/p>\n<p>Lo anterior, luego de que en rueda de prensa se diera a conocer el Encuentro Internacional denominado \u201cAtenci\u00f3n, Educaci\u00f3n y Desarrollo de la Primera Infancia\u201d, a realizarse los d\u00edas 26 y 27 de septiembre en la capital michoacana, como parte de los trabajos de la Red Hemisf\u00e9rica de Parlamentarios y Ex Parlamentarios a favor de la Primera Infancia.<\/p>\n<p>Ante ello, las legisladoras de Acci\u00f3n Nacional integrantes de la Red Hemisf\u00e9rica,\u00a0 manifestaron que dicha reuni\u00f3n ofrecer\u00e1 un espacio de reflexi\u00f3n y debate que reafirme lo descubierto y experimentado en otros pa\u00edses y sume los aportes de especialistas, cient\u00edficos, educadores, funcionarios p\u00fablicos, legisladores y representantes de organismos internacionales, para generar propuestas de respuesta a la necesidad de educaci\u00f3n y atenci\u00f3n integral de la primera infancia de Michoac\u00e1n y M\u00e9xico.<\/p>\n<p>\u201cEs importante atender y estimular el desarrollo del cerebro, desde el embarazo hasta los ocho a\u00f1os de edad, ya que las habilidades motoras y ling\u00fc\u00edsticas pueden verse reducidas por la falta de entornos saludables; es por ello la necesidad de mantener activa la participaci\u00f3n de la familia, los sectores de gobierno y una sociedad civil bien informada y capacitada para poder lograr los objetivos\u201d, expres\u00f3 la presidenta de la Comisi\u00f3n de Derechos Humanos del Congreso del Estado.<\/p>\n<p>Asimismo, la diputada del blanquiazul resalt\u00f3 que dentro de los objetivos espec\u00edficos se encuentra el identificar el \u00e1mbito de\u00a0 la primera infancia, su importancia, trascendencia, as\u00ed como las condiciones para lograr el \u00e9xito de los programas, servicios y pol\u00edticas de prevenci\u00f3n y promoci\u00f3n del desarrollo humano, \u201cadem\u00e1s de revisar algunos estudios, investigaciones y experiencias sobre el desarrollo del cerebro y de aprendizajes de los ni\u00f1os desde antes del nacimiento hasta los ocho a\u00f1os de vida\u201d.<\/p>\n<p>En este tenor, la integrante de la Comisi\u00f3n de Equidad de G\u00e9nero del Poder Legislativo Ligia L\u00f3pez; expuso que dicho encuentro internacional permitir\u00e1 identificar estrategias y\u00a0 experiencias innovadoras,\u00a0 ventajas y desaf\u00edos de trabajo con ni\u00f1os en sus primeros a\u00f1os de vida, que utilicen metodolog\u00edas participativas centradas en la familia, \u201cson m\u00e9todos no escolarizados, donde se contemple el juego como base, as\u00ed como el conocer experiencias de formaci\u00f3n, capacitaci\u00f3n, seguimiento y evaluaci\u00f3n de docentes y otros agentes educativos que trabajan con la primera infancia\u201d.<\/p>\n<p>La tambi\u00e9n Vicepresidenta del Grupo Parlamentario del Partido Acci\u00f3n Nacional, inform\u00f3 que para lograr los objetivos se contar\u00e1 con la participaci\u00f3n de representantes de los organismos p\u00fablicos que ofrecen atenci\u00f3n a los ni\u00f1os en materia de educaci\u00f3n y salud; estudiantes de escuelas normales, universidades e instituciones especializadas de \u00e1reas relacionadas con el desarrollo humano; as\u00ed como representantes de asociaciones acad\u00e9micas universitarias y especializadas que trabajan por mejorar la calidad de educaci\u00f3n infantil.<\/p>\n<p>Finamente, las legisladoras albiazules resaltaron la necesidad de apoyar y dar prioridad a la educaci\u00f3n de la infancia michoacana, ya que para este proyecto se unieron las diferentes corrientes pol\u00edticas representadas en el Congreso del Estado, dejando de lado el color partidista para enfocarse en lo que realmente se necesita y urge en nuestra entidad, que es el desarrollo \u00f3ptimo de los ni\u00f1os de Michoac\u00e1n.<\/p>\n","protected":false},"excerpt":{"rendered":"<p>\u201cCada a\u00f1o, m\u00e1s de 200 millones de ni\u00f1os menores de cinco a\u00f1os no alcanzan su pleno potencial cognitivo, as\u00ed como social, por lo que nuestro objetivo es encontrar y aplicar un plan que permita reducir estas cifras, a trav\u00e9s de la realizaci\u00f3n de un an\u00e1lisis de la situaci\u00f3n actual, logros, experiencias <\/p>\n","protected":false},"author":1,"featured_media":0,"comment_status":"open","ping_status":"open","sticky":false,"template":"","format":"standard","meta":{"footnotes":""},"categories":[6,14,8],"tags":[],"class_list":["post-3447","post","type-post","status-publish","format-standard","hentry","category-congreso-del-estado","category-destacadas","category-grupo-parlamentario-del-pan"],"_links":{"self":[{"href":"https:\/\/radiowebmx.com\/nota\/wp-json\/wp\/v2\/posts\/3447","targetHints":{"allow":["GET"]}}],"collection":[{"href":"https:\/\/radiowebmx.com\/nota\/wp-json\/wp\/v2\/posts"}],"about":[{"href":"https:\/\/radiowebmx.com\/nota\/wp-json\/wp\/v2\/types\/post"}],"author":[{"embeddable":true,"href":"https:\/\/radiowebmx.com\/nota\/wp-json\/wp\/v2\/users\/1"}],"replies":[{"embeddable":true,"href":"https:\/\/radiowebmx.com\/nota\/wp-json\/wp\/v2\/comments?post=3447"}],"version-history":[{"count":1,"href":"https:\/\/radiowebmx.com\/nota\/wp-json\/wp\/v2\/posts\/3447\/revisions"}],"predecessor-version":[{"id":3449,"href":"https:\/\/radiowebmx.com\/nota\/wp-json\/wp\/v2\/posts\/3447\/revisions\/3449"}],"wp:attachment":[{"href":"https:\/\/radiowebmx.com\/nota\/wp-json\/wp\/v2\/media?parent=3447"}],"wp:term":[{"taxonomy":"category","embeddable":true,"href":"https:\/\/radiowebmx.com\/nota\/wp-json\/wp\/v2\/categories?post=3447"},{"taxonomy":"post_tag","embeddable":true,"href":"https:\/\/radiowebmx.com\/nota\/wp-json\/wp\/v2\/tags?post=3447"}],"curies":[{"name":"wp","href":"https:\/\/api.w.org\/{rel}","templated":true}]}}