{"id":3443,"date":"2013-08-13T08:59:42","date_gmt":"2013-08-13T13:59:42","guid":{"rendered":"https:\/\/radiowebmx.com\/nota\/?p=3443"},"modified":"2013-08-13T08:59:42","modified_gmt":"2013-08-13T13:59:42","slug":"inauguran-en-tuxpan-instituto-municipal-de-la-juventud","status":"publish","type":"post","link":"https:\/\/radiowebmx.com\/nota\/inauguran-en-tuxpan-instituto-municipal-de-la-juventud\/","title":{"rendered":"INAUGURAN EN TUXPAN INSTITUTO MUNICIPAL DE LA JUVENTUD"},"content":{"rendered":"<p><a href=\"https:\/\/radiowebmx.com\/nota\/wp-content\/uploads\/2013\/08\/photo.jpg\"><img loading=\"lazy\" decoding=\"async\" class=\"alignleft size-full wp-image-3444\" alt=\"photo\" src=\"https:\/\/radiowebmx.com\/nota\/wp-content\/uploads\/2013\/08\/photo.jpg\" width=\"591\" height=\"249\" \/><\/a>En el marco del festejo del D\u00eda Internacional de la Juventud y con el objetivo de generar condiciones de desarrollo integral para los j\u00f3venes, se trabaja en la creaci\u00f3n de instancias que atiendan a este sector en todo el territorio michoacano, as\u00ed lo se\u00f1al\u00f3 el secretario de los J\u00f3venes de Michoac\u00e1n, Francisco Xavier Lara Medina, al inaugurar el Instituto Municipal de la Juventud en este municipio.<\/p>\n<p>\u201cSe han dado instrucciones precisas a todo el personal de la Secretar\u00eda de los J\u00f3venes para aterrizar a la brevedad el mayor n\u00famero de apoyos para el municipio de Tuxpan. A partir del lunes estaremos recibiendo al personal de este instituto\u201d, se\u00f1al\u00f3 Lara Medina.<\/p>\n<p>Por su parte, el alcalde de Tuxpan, Carlos Alberto Paredes Correa, reconoci\u00f3 la din\u00e1mica e impulso que tendr\u00e1 el instituto con el apoyo del gobierno del estado, y muestra de ello, dijo, es la presencia del titular de la Sejoven durante este acto, que confirma la preocupaci\u00f3n de la administraci\u00f3n estatal por atender a los j\u00f3venes de este municipio.<\/p>\n<p>Afirm\u00f3 que uno de los temas que mayor impulso y apoyo tiene es el juvenil, por lo que resalt\u00f3 la importancia de inaugurar esta instancia, precisamente en el d\u00eda dedicado a la juventud.<\/p>\n<p>En su intervenci\u00f3n, Alfredo Reyna Vera, coordinador de Organizaci\u00f3n y Participaci\u00f3n Social de la Sejoven, reconoci\u00f3 el trabajo que desde el a\u00f1o pasado ha venido realizando el Ayuntamiento de Tuxpan, al celebrar por segundo a\u00f1o consecutivo el D\u00eda Internacional de la Juventud con actividades art\u00edsticas y culturales, y en esta ocasi\u00f3n, con la instauraci\u00f3n de un instituto exclusivo para atender a los j\u00f3venes.<\/p>\n<p>Durante el acto se entreg\u00f3 tambi\u00e9n de manera simb\u00f3lica, la primera tarjeta Poder Joven. Esta mica otorga al portador descuentos en diversos negocios locales y a nivel estatal y nacional, los cuales van desde el 20 al 50 por ciento.<\/p>\n<p>El festejo del D\u00eda Internacional de la Juventud, tuvo r\u00e9plicas en los municipios de Huetamo, Uruapan, L\u00e1zaro C\u00e1rdenas, Sahuayo, Jiquilpan, entre otros.<\/p>\n<p>&nbsp;<\/p>\n<p>Cabe destacar que la ONU decret\u00f3 en 1999 el 12 de agosto como el D\u00eda Internacional de la Juventud, celebraci\u00f3n que a\u00f1o con a\u00f1o va tomando fuerza, por lo que, en respeto a los trabajos de los municipios en este rubro, la Secretar\u00eda de los J\u00f3venes decidi\u00f3 realizar el evento conmemorativo el pr\u00f3ximo viernes 16 de agosto, a partir de las 9:30 horas en la Plaza Morelos, donde habr\u00e1 pabellones Cultural, Art\u00edstico, Comercial y Gubernamental, as\u00ed como una exposici\u00f3n de autos Mustang.<\/p>\n<p>&nbsp;<\/p>\n<p>Tambi\u00e9n habr\u00e1 instituciones del gobierno del estado que presentar\u00e1n los diversos programas orientados a j\u00f3venes, por lo que se realizar\u00e1 entrega de las tarjetas Contigo del gobierno estatal y Poder Joven, del Instituto Mexicano de la Juventud.<\/p>\n<p>&nbsp;<\/p>\n<p>Tambi\u00e9n estuvieron presentes en el acto de inauguraci\u00f3n Gabriela P\u00e9rez Gonz\u00e1lez, presidenta del DIF Municipal de Tuxpan; Juan Manuel Serna Gonz\u00e1lez, secretario del Ayuntamiento, y Gerardo Rodr\u00edguez, nuevo director del Instituto de la Juventud de Tuxpan.<\/p>\n<p>&nbsp;<\/p>\n<p>&nbsp;<\/p>\n","protected":false},"excerpt":{"rendered":"<p>En el marco del festejo del D\u00eda Internacional de la Juventud y con el objetivo de generar condiciones de desarrollo integral para los j\u00f3venes, se trabaja en la creaci\u00f3n de instancias que atiendan a este sector en todo el territorio michoacano, as\u00ed lo se\u00f1al\u00f3 el secretario de los J\u00f3venes de Michoac\u00e1n, Francisco Xavier Lara Medina, al inaugurar el Instituto Municipal de la Juventud en este municipio.<\/p>\n","protected":false},"author":1,"featured_media":0,"comment_status":"open","ping_status":"open","sticky":false,"template":"","format":"standard","meta":{"footnotes":""},"categories":[14,3],"tags":[],"class_list":["post-3443","post","type-post","status-publish","format-standard","hentry","category-destacadas","category-gobierno-del-estado-de-michoacan"],"_links":{"self":[{"href":"https:\/\/radiowebmx.com\/nota\/wp-json\/wp\/v2\/posts\/3443","targetHints":{"allow":["GET"]}}],"collection":[{"href":"https:\/\/radiowebmx.com\/nota\/wp-json\/wp\/v2\/posts"}],"about":[{"href":"https:\/\/radiowebmx.com\/nota\/wp-json\/wp\/v2\/types\/post"}],"author":[{"embeddable":true,"href":"https:\/\/radiowebmx.com\/nota\/wp-json\/wp\/v2\/users\/1"}],"replies":[{"embeddable":true,"href":"https:\/\/radiowebmx.com\/nota\/wp-json\/wp\/v2\/comments?post=3443"}],"version-history":[{"count":2,"href":"https:\/\/radiowebmx.com\/nota\/wp-json\/wp\/v2\/posts\/3443\/revisions"}],"predecessor-version":[{"id":3446,"href":"https:\/\/radiowebmx.com\/nota\/wp-json\/wp\/v2\/posts\/3443\/revisions\/3446"}],"wp:attachment":[{"href":"https:\/\/radiowebmx.com\/nota\/wp-json\/wp\/v2\/media?parent=3443"}],"wp:term":[{"taxonomy":"category","embeddable":true,"href":"https:\/\/radiowebmx.com\/nota\/wp-json\/wp\/v2\/categories?post=3443"},{"taxonomy":"post_tag","embeddable":true,"href":"https:\/\/radiowebmx.com\/nota\/wp-json\/wp\/v2\/tags?post=3443"}],"curies":[{"name":"wp","href":"https:\/\/api.w.org\/{rel}","templated":true}]}}