{"id":3436,"date":"2013-08-13T08:54:48","date_gmt":"2013-08-13T13:54:48","guid":{"rendered":"https:\/\/radiowebmx.com\/nota\/?p=3436"},"modified":"2013-08-13T08:54:48","modified_gmt":"2013-08-13T13:54:48","slug":"entrega-conalep-titulo-cedula-profesional-y-certificado-a-egresados-de-la-generacion-2010-2013","status":"publish","type":"post","link":"https:\/\/radiowebmx.com\/nota\/entrega-conalep-titulo-cedula-profesional-y-certificado-a-egresados-de-la-generacion-2010-2013\/","title":{"rendered":"ENTREGA CONALEP T\u00cdTULO, C\u00c9DULA PROFESIONAL Y CERTIFICADO A EGRESADOS DE LA GENERACI\u00d3N 2010-2013"},"content":{"rendered":"<p><a href=\"https:\/\/radiowebmx.com\/nota\/wp-content\/uploads\/2013\/08\/1.jpg\"><img loading=\"lazy\" decoding=\"async\" class=\"alignleft size-full wp-image-3437\" alt=\"1\" src=\"https:\/\/radiowebmx.com\/nota\/wp-content\/uploads\/2013\/08\/1.jpg\" width=\"591\" height=\"293\" \/><\/a>Los egresados de la generaci\u00f3n 2010-2013 del Colegio de Educaci\u00f3n Profesional T\u00e9cnica del Estado de Michoac\u00e1n (Conalep) recibieron su t\u00edtulo, c\u00e9dula profesional y certificado, al finalizar sus estudios como Profesionales T\u00e9cnicos Bachilleres en esta instituci\u00f3n.<\/p>\n<p>&nbsp;<\/p>\n<p>Tras haber acreditado todos los m\u00f3dulos de la carrera que estudiaron y haber cumplido con el servicio social y las pr\u00e1cticas profesionales, 194 alumnos de los planteles de Uruapan y Morelia II recibieron su t\u00edtulo, c\u00e9dula profesional y certificado el d\u00eda de su graduaci\u00f3n.<\/p>\n<p>&nbsp;<\/p>\n<p>El Conalep es el \u00fanico subsistema de nivel medio y superior que entrega los tres documentos a los egresados que cumplieron con sus responsabilidades acad\u00e9micas en tiempo y forma, lo que les permitir\u00e1 continuar sus estudios de nivel superior o integrarse al campo laboral.<\/p>\n<p>&nbsp;<\/p>\n<p>Este logro es resultado del esfuerzo de los planteles, la Direcci\u00f3n General estatal y nacional del Conalep, as\u00ed como del Departamento de Profesiones de la Secretar\u00eda de Educaci\u00f3n P\u00fablica, para registrar los t\u00edtulos en el menor tiempo posible y poder elaborar las c\u00e9dulas profesionales de los graduados.<\/p>\n<p>&nbsp;<\/p>\n<p>Como parte de este esfuerzo, actualmente se encuentra en tr\u00e1mite la documentaci\u00f3n de 122 alumnos de los planteles de P\u00e1tzcuaro y Ciudad Hidalgo.<\/p>\n<p>&nbsp;<\/p>\n<p>El Conalep Michoac\u00e1n busca la formaci\u00f3n integral del alumno, al considerar su desarrollo humano general y sus competencias laborales en particular, con lo que asegura su ingreso a la educaci\u00f3n superior y\/o su competente inserci\u00f3n laboral.<\/p>\n","protected":false},"excerpt":{"rendered":"<p>Los egresados de la generaci\u00f3n 2010-2013 del Colegio de Educaci\u00f3n Profesional T\u00e9cnica del Estado de Michoac\u00e1n (Conalep) recibieron su t\u00edtulo, c\u00e9dula profesional y certificado, al finalizar sus estudios como Profesionales T\u00e9cnicos Bachilleres en esta instituci\u00f3n.<\/p>\n","protected":false},"author":1,"featured_media":0,"comment_status":"open","ping_status":"open","sticky":false,"template":"","format":"standard","meta":{"footnotes":""},"categories":[14,3],"tags":[],"class_list":["post-3436","post","type-post","status-publish","format-standard","hentry","category-destacadas","category-gobierno-del-estado-de-michoacan"],"_links":{"self":[{"href":"https:\/\/radiowebmx.com\/nota\/wp-json\/wp\/v2\/posts\/3436","targetHints":{"allow":["GET"]}}],"collection":[{"href":"https:\/\/radiowebmx.com\/nota\/wp-json\/wp\/v2\/posts"}],"about":[{"href":"https:\/\/radiowebmx.com\/nota\/wp-json\/wp\/v2\/types\/post"}],"author":[{"embeddable":true,"href":"https:\/\/radiowebmx.com\/nota\/wp-json\/wp\/v2\/users\/1"}],"replies":[{"embeddable":true,"href":"https:\/\/radiowebmx.com\/nota\/wp-json\/wp\/v2\/comments?post=3436"}],"version-history":[{"count":1,"href":"https:\/\/radiowebmx.com\/nota\/wp-json\/wp\/v2\/posts\/3436\/revisions"}],"predecessor-version":[{"id":3438,"href":"https:\/\/radiowebmx.com\/nota\/wp-json\/wp\/v2\/posts\/3436\/revisions\/3438"}],"wp:attachment":[{"href":"https:\/\/radiowebmx.com\/nota\/wp-json\/wp\/v2\/media?parent=3436"}],"wp:term":[{"taxonomy":"category","embeddable":true,"href":"https:\/\/radiowebmx.com\/nota\/wp-json\/wp\/v2\/categories?post=3436"},{"taxonomy":"post_tag","embeddable":true,"href":"https:\/\/radiowebmx.com\/nota\/wp-json\/wp\/v2\/tags?post=3436"}],"curies":[{"name":"wp","href":"https:\/\/api.w.org\/{rel}","templated":true}]}}