{"id":34356,"date":"2017-04-21T12:44:16","date_gmt":"2017-04-21T17:44:16","guid":{"rendered":"https:\/\/radiowebmx.com\/nota\/?p=34356"},"modified":"2017-04-21T12:44:16","modified_gmt":"2017-04-21T17:44:16","slug":"ayuntamiento-de-morelia-conmemora-el-ciii-aniversario-de-la-gesta-heroica-del-puerto-de-veracruz","status":"publish","type":"post","link":"https:\/\/radiowebmx.com\/nota\/ayuntamiento-de-morelia-conmemora-el-ciii-aniversario-de-la-gesta-heroica-del-puerto-de-veracruz\/","title":{"rendered":"Ayuntamiento de Morelia conmemora el CIII Aniversario de la Gesta Heroica del Puerto de Veracruz"},"content":{"rendered":"<p><a href=\"https:\/\/radiowebmx.com\/nota\/wp-content\/uploads\/2017\/04\/263fe76d-54f0-4f76-a9c6-98d3721c3e70.jpeg\"><img loading=\"lazy\" decoding=\"async\" src=\"https:\/\/radiowebmx.com\/nota\/wp-content\/uploads\/2017\/04\/263fe76d-54f0-4f76-a9c6-98d3721c3e70-595x396.jpeg\" alt=\"\" width=\"595\" height=\"396\" class=\"alignnone size-medium wp-image-34357\" srcset=\"https:\/\/radiowebmx.com\/nota\/wp-content\/uploads\/2017\/04\/263fe76d-54f0-4f76-a9c6-98d3721c3e70-595x396.jpeg 595w, https:\/\/radiowebmx.com\/nota\/wp-content\/uploads\/2017\/04\/263fe76d-54f0-4f76-a9c6-98d3721c3e70.jpeg 709w\" sizes=\"auto, (max-width: 595px) 100vw, 595px\" \/><\/a><\/p>\n<p>Como parte de los festejos c\u00edvicos alusivos a los 103 a\u00f1os de la Gesta Heroica del Puerto de Veracruz, el Ayuntamiento de Morelia particip\u00f3 este viernes en el acto c\u00edvico conmemorativo en el Obelisco Naval y guardia de honor por tan importante fecha.<\/p>\n<p>En evento encabezado por Catarino Hern\u00e1nez Tapia, Capit\u00e1n de Nav\u00edo de la Secretar\u00eda de Marina Armada de M\u00e9xico y con la presencia de Jos\u00e9 Rico Galv\u00e1n, representando a la Polic\u00eda de Morelia, los integrantes de las tropas armadas montaron una guardia de honor e hicieron un dep\u00f3sito de ofrenda en honor a los cadetes de la Escuela Naval Militar, quienes defendieron el Puerto de la ocupaci\u00f3n extranjera durante el mandato de Victoriano Huerta.<\/p>\n<p>As\u00ed, el Ayuntamiento de Morelia se une a la celebraci\u00f3n conmemorativa a la hist\u00f3rica fecha, misma que es motivo de honores c\u00edvicos a lo largo de todo el pa\u00eds.<\/p>\n","protected":false},"excerpt":{"rendered":"<p>Como parte de los festejos c\u00edvicos alusivos a los 103 a\u00f1os de la Gesta Heroica del Puerto de Veracruz, el Ayuntamiento de Morelia particip\u00f3 este viernes en el acto c\u00edvico conmemorativo en el Obelisco Naval y guardia de honor por tan importante fecha. En evento encabezado por Catarino Hern\u00e1nez Tapia, Capit\u00e1n de Nav\u00edo de la [&hellip;]<\/p>\n","protected":false},"author":2,"featured_media":34357,"comment_status":"closed","ping_status":"closed","sticky":false,"template":"","format":"standard","meta":{"footnotes":""},"categories":[14,9],"tags":[],"class_list":["post-34356","post","type-post","status-publish","format-standard","has-post-thumbnail","hentry","category-destacadas","category-morelia"],"_links":{"self":[{"href":"https:\/\/radiowebmx.com\/nota\/wp-json\/wp\/v2\/posts\/34356","targetHints":{"allow":["GET"]}}],"collection":[{"href":"https:\/\/radiowebmx.com\/nota\/wp-json\/wp\/v2\/posts"}],"about":[{"href":"https:\/\/radiowebmx.com\/nota\/wp-json\/wp\/v2\/types\/post"}],"author":[{"embeddable":true,"href":"https:\/\/radiowebmx.com\/nota\/wp-json\/wp\/v2\/users\/2"}],"replies":[{"embeddable":true,"href":"https:\/\/radiowebmx.com\/nota\/wp-json\/wp\/v2\/comments?post=34356"}],"version-history":[{"count":1,"href":"https:\/\/radiowebmx.com\/nota\/wp-json\/wp\/v2\/posts\/34356\/revisions"}],"predecessor-version":[{"id":34358,"href":"https:\/\/radiowebmx.com\/nota\/wp-json\/wp\/v2\/posts\/34356\/revisions\/34358"}],"wp:featuredmedia":[{"embeddable":true,"href":"https:\/\/radiowebmx.com\/nota\/wp-json\/wp\/v2\/media\/34357"}],"wp:attachment":[{"href":"https:\/\/radiowebmx.com\/nota\/wp-json\/wp\/v2\/media?parent=34356"}],"wp:term":[{"taxonomy":"category","embeddable":true,"href":"https:\/\/radiowebmx.com\/nota\/wp-json\/wp\/v2\/categories?post=34356"},{"taxonomy":"post_tag","embeddable":true,"href":"https:\/\/radiowebmx.com\/nota\/wp-json\/wp\/v2\/tags?post=34356"}],"curies":[{"name":"wp","href":"https:\/\/api.w.org\/{rel}","templated":true}]}}