{"id":34351,"date":"2017-04-21T11:35:14","date_gmt":"2017-04-21T16:35:14","guid":{"rendered":"https:\/\/radiowebmx.com\/nota\/?p=34351"},"modified":"2017-04-21T11:35:14","modified_gmt":"2017-04-21T16:35:14","slug":"atiende-iifeem-necesidades-de-escuela-secundaria-en-charo-2","status":"publish","type":"post","link":"https:\/\/radiowebmx.com\/nota\/atiende-iifeem-necesidades-de-escuela-secundaria-en-charo-2\/","title":{"rendered":"Atiende IIFEEM necesidades de Escuela Secundaria en Charo"},"content":{"rendered":"<p><a href=\"https:\/\/radiowebmx.com\/nota\/wp-content\/uploads\/2017\/04\/ded292e0-34a4-4e46-8983-2a9347024bc4.jpg\"><img loading=\"lazy\" decoding=\"async\" src=\"https:\/\/radiowebmx.com\/nota\/wp-content\/uploads\/2017\/04\/ded292e0-34a4-4e46-8983-2a9347024bc4-595x397.jpg\" alt=\"\" width=\"595\" height=\"397\" class=\"alignnone size-medium wp-image-34352\" srcset=\"https:\/\/radiowebmx.com\/nota\/wp-content\/uploads\/2017\/04\/ded292e0-34a4-4e46-8983-2a9347024bc4-595x397.jpg 595w, https:\/\/radiowebmx.com\/nota\/wp-content\/uploads\/2017\/04\/ded292e0-34a4-4e46-8983-2a9347024bc4.jpg 709w\" sizes=\"auto, (max-width: 595px) 100vw, 595px\" \/><\/a><\/p>\n<p>Charo, Michoac\u00e1n, a 21 de marzo de 2017.- Por instrucci\u00f3n del Gobernador Silvano Aureoles Conejo, la directora general del Instituto de la Infraestructura F\u00edsica Educativa del Estado de Michoac\u00e1n (IIFEEM), Mar\u00eda Guadalupe D\u00edaz Chagolla, acudi\u00f3 a la Secundaria de la localidad de San Antonio Corrales, perteneciente a este municipio, para dar inicio a la rehabilitaci\u00f3n de los servicios sanitarios.<\/p>\n<p>Record\u00f3 que en diciembre pasado el mandatario michoacano se comprometi\u00f3 a atender las necesidades de este plantel, por lo que despu\u00e9s de una visita previa en la que revisaron las condiciones en infraestructura, se determin\u00f3 atender a la brevedad los servicios sanitarios y dotar de mobiliario y equipo.<\/p>\n<p>La funcionaria estatal mencion\u00f3 que esta Secundaria funge a su vez como internado y resguarda alrededor de 200 estudiantes, por lo que era prioritaria la atenci\u00f3n.<\/p>\n<p>Asimismo, mencion\u00f3 que en la rehabilitaci\u00f3n de los servicios sanitarios se invirtieron casi 400 mil pesos, adem\u00e1s de 366 mil 288 pesos en sillas, mesas para computadora, pintarrones y equipos de c\u00f3mputo.<\/p>\n<p>El inicio de estos trabajos, as\u00ed como la entrega del mobiliario y equipo, es supervisada por la Secretar\u00eda de Contralor\u00eda del Estado de Michoac\u00e1n, por lo que estuvo presente el director de Evaluaci\u00f3n y Auditoria al Sector Paraestatal, Roberto Dom\u00ednguez Aguirre.<\/p>\n","protected":false},"excerpt":{"rendered":"<p>Charo, Michoac\u00e1n, a 21 de marzo de 2017.- Por instrucci\u00f3n del Gobernador Silvano Aureoles Conejo, la directora general del Instituto de la Infraestructura F\u00edsica Educativa del Estado de Michoac\u00e1n (IIFEEM), Mar\u00eda Guadalupe D\u00edaz Chagolla, acudi\u00f3 a la Secundaria de la localidad de San Antonio Corrales, perteneciente a este municipio, para dar inicio a la rehabilitaci\u00f3n [&hellip;]<\/p>\n","protected":false},"author":2,"featured_media":34352,"comment_status":"closed","ping_status":"closed","sticky":false,"template":"","format":"standard","meta":{"footnotes":""},"categories":[14,3],"tags":[],"class_list":["post-34351","post","type-post","status-publish","format-standard","has-post-thumbnail","hentry","category-destacadas","category-gobierno-del-estado-de-michoacan"],"_links":{"self":[{"href":"https:\/\/radiowebmx.com\/nota\/wp-json\/wp\/v2\/posts\/34351","targetHints":{"allow":["GET"]}}],"collection":[{"href":"https:\/\/radiowebmx.com\/nota\/wp-json\/wp\/v2\/posts"}],"about":[{"href":"https:\/\/radiowebmx.com\/nota\/wp-json\/wp\/v2\/types\/post"}],"author":[{"embeddable":true,"href":"https:\/\/radiowebmx.com\/nota\/wp-json\/wp\/v2\/users\/2"}],"replies":[{"embeddable":true,"href":"https:\/\/radiowebmx.com\/nota\/wp-json\/wp\/v2\/comments?post=34351"}],"version-history":[{"count":1,"href":"https:\/\/radiowebmx.com\/nota\/wp-json\/wp\/v2\/posts\/34351\/revisions"}],"predecessor-version":[{"id":34353,"href":"https:\/\/radiowebmx.com\/nota\/wp-json\/wp\/v2\/posts\/34351\/revisions\/34353"}],"wp:featuredmedia":[{"embeddable":true,"href":"https:\/\/radiowebmx.com\/nota\/wp-json\/wp\/v2\/media\/34352"}],"wp:attachment":[{"href":"https:\/\/radiowebmx.com\/nota\/wp-json\/wp\/v2\/media?parent=34351"}],"wp:term":[{"taxonomy":"category","embeddable":true,"href":"https:\/\/radiowebmx.com\/nota\/wp-json\/wp\/v2\/categories?post=34351"},{"taxonomy":"post_tag","embeddable":true,"href":"https:\/\/radiowebmx.com\/nota\/wp-json\/wp\/v2\/tags?post=34351"}],"curies":[{"name":"wp","href":"https:\/\/api.w.org\/{rel}","templated":true}]}}