{"id":34348,"date":"2017-04-21T11:33:12","date_gmt":"2017-04-21T16:33:12","guid":{"rendered":"https:\/\/radiowebmx.com\/nota\/?p=34348"},"modified":"2017-04-21T11:33:12","modified_gmt":"2017-04-21T16:33:12","slug":"proyectos-viales-en-morelia-mejoran-conectividad-en-el-municipio-alfonso-martinez","status":"publish","type":"post","link":"https:\/\/radiowebmx.com\/nota\/proyectos-viales-en-morelia-mejoran-conectividad-en-el-municipio-alfonso-martinez\/","title":{"rendered":"Proyectos viales en Morelia, mejoran conectividad en el municipio: Alfonso Mart\u00ednez"},"content":{"rendered":"<p><a href=\"https:\/\/radiowebmx.com\/nota\/wp-content\/uploads\/2017\/04\/f7dc8255-6756-497b-bc57-6752245aef5e.jpeg\"><img loading=\"lazy\" decoding=\"async\" src=\"https:\/\/radiowebmx.com\/nota\/wp-content\/uploads\/2017\/04\/f7dc8255-6756-497b-bc57-6752245aef5e-595x396.jpeg\" alt=\"\" width=\"595\" height=\"396\" class=\"alignnone size-medium wp-image-34349\" srcset=\"https:\/\/radiowebmx.com\/nota\/wp-content\/uploads\/2017\/04\/f7dc8255-6756-497b-bc57-6752245aef5e-595x396.jpeg 595w, https:\/\/radiowebmx.com\/nota\/wp-content\/uploads\/2017\/04\/f7dc8255-6756-497b-bc57-6752245aef5e.jpeg 709w\" sizes=\"auto, (max-width: 595px) 100vw, 595px\" \/><\/a><\/p>\n<p>En Morelia estamos construyendo obras como nunca con un objetivo muy claro: transformar a nuestra ciudad en el Morelia de Todos y con ello, mejorar la calidad de vida de los habitantes del municipio, asegur\u00f3 el Presidente Municipal de Morelia, Alfonso Mart\u00ednez Alc\u00e1zar, al realizar un recorrido de supervisi\u00f3n por la obra de Modernizaci\u00f3n de la vialidad de San Jos\u00e9 del Cerrito primera etapa, en la cual se coloca concreto hidr\u00e1ulico para mejorar las condiciones de esta importante arteria vial.<\/p>\n<p>Tras revisar los avances de este proyecto que beneficiar\u00e1 de manera directa a m\u00e1s de 15 mil morelianos que habitan en esta zona, el Alcalde refrend\u00f3 su compromiso por efectuar estos trabajos con los m\u00e1s altos est\u00e1ndares de calidad, con miras a que estas acciones sean perdurables.<\/p>\n<p>\u201cEn nuestro Gobierno cada obra que se realiza es integral, de tal manera que las labores ejecutadas no s\u00f3lo contemplan la colocaci\u00f3n de concreto, sino tambi\u00e9n de banquetas incluyentes que cuenten con las condiciones id\u00f3neas para el f\u00e1cil desplazamiento de las personas con discapacidad y adultos mayores, as\u00ed como la instalaci\u00f3n de alumbrado p\u00fablico\u201d, detall\u00f3.<\/p>\n<p>Respecto a la modernizaci\u00f3n de esta vialidad que se encuentra justo atr\u00e1s de una conocida tienda de autoservicio, Mart\u00ednez Alc\u00e1zar, resalt\u00f3 que es de gran importancia, ya que conectar\u00e1 a varias colonias ubicadas al sur de la capital y mejorar\u00e1 el acceso a distintas instituciones que ah\u00ed se encuentran.<\/p>\n<p>De manera concreta, esta obra beneficiar\u00e1 a miles de habitantes de las colonias Residencial los Duraznos, Para\u00edso de la huerta, Zimpanio Norte, Prados de la Huerta, Bosques de la Huerta, La Huerta Ampliaci\u00f3n, Xangari, Rinconada la Huerta, Andr\u00e9s la Huerta y Juana Pav\u00f3n<\/p>\n<p>El Jefe de la Comuna Moreliana, indic\u00f3 que la construcci\u00f3n de los proyectos viales que se ejecutan, son previamente analizados, de tal forma que se d\u00e9 prioridad a aquellos que m\u00e1s se requieren y as\u00ed responder a la demanda del crecimiento poblacional que ha tenido en los \u00faltimos a\u00f1os el municipio.<\/p>\n<p>\u201cSabemos que son muchas las necesidades de infraestructura vial en nuestra ciudad, en primera ya que muchas vialidades cumplieron desde hace bastante tiempo su vida \u00fatil y en segunda, porque la mancha urbana ha crecido de manera exponencial por lo que como autoridades nos obliga a mejorar la conectividad\u201d, explic\u00f3.<\/p>\n<p>Es de mencionar que en esta obra, el Gobierno Municipal destina cerca de 8 millones de pesos para la realizaci\u00f3n de los siguientes trabajos: excavaci\u00f3n, colocaci\u00f3n de capa de filtro, capa subrasante y capa base hidr\u00e1ulica, concreto hidr\u00e1ulico, alumbrado p\u00fablico, guarniciones y banquetas.<\/p>\n","protected":false},"excerpt":{"rendered":"<p>En Morelia estamos construyendo obras como nunca con un objetivo muy claro: transformar a nuestra ciudad en el Morelia de Todos y con ello, mejorar la calidad de vida de los habitantes del municipio, asegur\u00f3 el Presidente Municipal de Morelia, Alfonso Mart\u00ednez Alc\u00e1zar, al realizar un recorrido de supervisi\u00f3n por la obra de Modernizaci\u00f3n de [&hellip;]<\/p>\n","protected":false},"author":2,"featured_media":34349,"comment_status":"closed","ping_status":"closed","sticky":false,"template":"","format":"standard","meta":{"footnotes":""},"categories":[14,9],"tags":[],"class_list":["post-34348","post","type-post","status-publish","format-standard","has-post-thumbnail","hentry","category-destacadas","category-morelia"],"_links":{"self":[{"href":"https:\/\/radiowebmx.com\/nota\/wp-json\/wp\/v2\/posts\/34348","targetHints":{"allow":["GET"]}}],"collection":[{"href":"https:\/\/radiowebmx.com\/nota\/wp-json\/wp\/v2\/posts"}],"about":[{"href":"https:\/\/radiowebmx.com\/nota\/wp-json\/wp\/v2\/types\/post"}],"author":[{"embeddable":true,"href":"https:\/\/radiowebmx.com\/nota\/wp-json\/wp\/v2\/users\/2"}],"replies":[{"embeddable":true,"href":"https:\/\/radiowebmx.com\/nota\/wp-json\/wp\/v2\/comments?post=34348"}],"version-history":[{"count":1,"href":"https:\/\/radiowebmx.com\/nota\/wp-json\/wp\/v2\/posts\/34348\/revisions"}],"predecessor-version":[{"id":34350,"href":"https:\/\/radiowebmx.com\/nota\/wp-json\/wp\/v2\/posts\/34348\/revisions\/34350"}],"wp:featuredmedia":[{"embeddable":true,"href":"https:\/\/radiowebmx.com\/nota\/wp-json\/wp\/v2\/media\/34349"}],"wp:attachment":[{"href":"https:\/\/radiowebmx.com\/nota\/wp-json\/wp\/v2\/media?parent=34348"}],"wp:term":[{"taxonomy":"category","embeddable":true,"href":"https:\/\/radiowebmx.com\/nota\/wp-json\/wp\/v2\/categories?post=34348"},{"taxonomy":"post_tag","embeddable":true,"href":"https:\/\/radiowebmx.com\/nota\/wp-json\/wp\/v2\/tags?post=34348"}],"curies":[{"name":"wp","href":"https:\/\/api.w.org\/{rel}","templated":true}]}}