{"id":34344,"date":"2017-04-21T11:19:36","date_gmt":"2017-04-21T16:19:36","guid":{"rendered":"https:\/\/radiowebmx.com\/nota\/?p=34344"},"modified":"2017-04-21T11:19:36","modified_gmt":"2017-04-21T16:19:36","slug":"interesa-a-jovenes-de-unla-iniciativa-de-la-ley-de-designaciones-propuesta-por-el-diputado-hector-gomez","status":"publish","type":"post","link":"https:\/\/radiowebmx.com\/nota\/interesa-a-jovenes-de-unla-iniciativa-de-la-ley-de-designaciones-propuesta-por-el-diputado-hector-gomez\/","title":{"rendered":"Interesa a j\u00f3venes de UNLA iniciativa de la ley de designaciones propuesta por el diputado H\u00e9ctor G\u00f3mez"},"content":{"rendered":"<p><a href=\"https:\/\/radiowebmx.com\/nota\/wp-content\/uploads\/2017\/04\/Comunicado-547.jpg\"><img loading=\"lazy\" decoding=\"async\" src=\"https:\/\/radiowebmx.com\/nota\/wp-content\/uploads\/2017\/04\/Comunicado-547-595x396.jpg\" alt=\"\" width=\"595\" height=\"396\" class=\"alignnone size-medium wp-image-34345\" srcset=\"https:\/\/radiowebmx.com\/nota\/wp-content\/uploads\/2017\/04\/Comunicado-547-595x396.jpg 595w, https:\/\/radiowebmx.com\/nota\/wp-content\/uploads\/2017\/04\/Comunicado-547.jpg 709w\" sizes=\"auto, (max-width: 595px) 100vw, 595px\" \/><\/a><\/p>\n<p>Morelia; Michoac\u00e1n, 20 de abril de 2017.- El diputado H\u00e9ctor G\u00f3mez Trujillo, present\u00f3 ante alumnos de la Universidad Latina de Am\u00e9rica (UNLA) de la facultad de Derecho, su propuesta de Ley de Designaciones del Estado de Michoac\u00e1n con la que se busca otorgar una mayor autonom\u00eda a los procesos de elecci\u00f3n de funcionarios p\u00fablicos, ciudadanizando plenamente a los \u00f3rganos aut\u00f3nomos.<\/p>\n<p>Los j\u00f3venes estudiante se mostraron interesados en la materia, debido a que la iniciativa surgi\u00f3 a ra\u00edz de que tanto en el pa\u00eds como en el estado, la integraci\u00f3n de los \u00f3rganos aut\u00f3nomos constitucionales se encuentran dominados por la clase pol\u00edtica, el reparto de cuotas o bien \u201cpor los cuates\u201d.<\/p>\n<p>El diputado agradeci\u00f3 la invitaci\u00f3n por parte del Maestro Jos\u00e9 Alfredo Tapia Navarrete, director de la Facultad de Derecho de la Instituci\u00f3n educativa as\u00ed como de los alumnos a quienes se les resolvieron sus dudas al respecto de la propuesta de ley que de aprobarse, marcar\u00eda un precedente en M\u00e9xico.<\/p>\n<p>De acuerdo con el diputado por el Partido Acci\u00f3n Nacional, explic\u00f3 que con este nuevo modelo estructural, se busca acabar con la corrupci\u00f3n y el manejo privilegiado de cargos, ya que el anterior, reduce por de facto la facultad operativa de los entes aut\u00f3nomos y suprime la plena implementaci\u00f3n del orden jur\u00eddico e institucional en Michoac\u00e1n.<\/p>\n<p>\u201cBuscamos que esta decisi\u00f3n, no quede en manos de las cuotas de partido, de negociaciones y de intereses pol\u00edticos, amistosos o afectivos que atentan directamente a la administraci\u00f3n p\u00fablica y a la calidad en el servicio a los ciudadanos\u201d.<\/p>\n<p>Durante la charla, tambi\u00e9n estuvo presente el consejero del Instituto Electoral de Michoac\u00e1n (IEM), Humberto Urquiza Mart\u00ednez, que en conjunto realizaron el acercamiento de temas de inter\u00e9s p\u00fablico y de la agenda pol\u00edtica hacia los j\u00f3venes estudiantes.<\/p>\n","protected":false},"excerpt":{"rendered":"<p>Morelia; Michoac\u00e1n, 20 de abril de 2017.- El diputado H\u00e9ctor G\u00f3mez Trujillo, present\u00f3 ante alumnos de la Universidad Latina de Am\u00e9rica (UNLA) de la facultad de Derecho, su propuesta de Ley de Designaciones del Estado de Michoac\u00e1n con la que se busca otorgar una mayor autonom\u00eda a los procesos de elecci\u00f3n de funcionarios p\u00fablicos, ciudadanizando [&hellip;]<\/p>\n","protected":false},"author":2,"featured_media":34345,"comment_status":"closed","ping_status":"closed","sticky":false,"template":"","format":"standard","meta":{"footnotes":""},"categories":[6,14,8],"tags":[],"class_list":["post-34344","post","type-post","status-publish","format-standard","has-post-thumbnail","hentry","category-congreso-del-estado","category-destacadas","category-grupo-parlamentario-del-pan"],"_links":{"self":[{"href":"https:\/\/radiowebmx.com\/nota\/wp-json\/wp\/v2\/posts\/34344","targetHints":{"allow":["GET"]}}],"collection":[{"href":"https:\/\/radiowebmx.com\/nota\/wp-json\/wp\/v2\/posts"}],"about":[{"href":"https:\/\/radiowebmx.com\/nota\/wp-json\/wp\/v2\/types\/post"}],"author":[{"embeddable":true,"href":"https:\/\/radiowebmx.com\/nota\/wp-json\/wp\/v2\/users\/2"}],"replies":[{"embeddable":true,"href":"https:\/\/radiowebmx.com\/nota\/wp-json\/wp\/v2\/comments?post=34344"}],"version-history":[{"count":1,"href":"https:\/\/radiowebmx.com\/nota\/wp-json\/wp\/v2\/posts\/34344\/revisions"}],"predecessor-version":[{"id":34346,"href":"https:\/\/radiowebmx.com\/nota\/wp-json\/wp\/v2\/posts\/34344\/revisions\/34346"}],"wp:featuredmedia":[{"embeddable":true,"href":"https:\/\/radiowebmx.com\/nota\/wp-json\/wp\/v2\/media\/34345"}],"wp:attachment":[{"href":"https:\/\/radiowebmx.com\/nota\/wp-json\/wp\/v2\/media?parent=34344"}],"wp:term":[{"taxonomy":"category","embeddable":true,"href":"https:\/\/radiowebmx.com\/nota\/wp-json\/wp\/v2\/categories?post=34344"},{"taxonomy":"post_tag","embeddable":true,"href":"https:\/\/radiowebmx.com\/nota\/wp-json\/wp\/v2\/tags?post=34344"}],"curies":[{"name":"wp","href":"https:\/\/api.w.org\/{rel}","templated":true}]}}