{"id":34341,"date":"2017-04-21T11:13:29","date_gmt":"2017-04-21T16:13:29","guid":{"rendered":"https:\/\/radiowebmx.com\/nota\/?p=34341"},"modified":"2017-04-21T11:13:29","modified_gmt":"2017-04-21T16:13:29","slug":"participacion-de-los-sectores-vital-en-el-desarrollo-social-del-estado-manuel-lopez-melendez","status":"publish","type":"post","link":"https:\/\/radiowebmx.com\/nota\/participacion-de-los-sectores-vital-en-el-desarrollo-social-del-estado-manuel-lopez-melendez\/","title":{"rendered":"Participaci\u00f3n de los sectores, vital en el desarrollo social del estado: Manuel L\u00f3pez Mel\u00e9ndez"},"content":{"rendered":"<p><a href=\"https:\/\/radiowebmx.com\/nota\/wp-content\/uploads\/2017\/04\/Comunicado-546.jpg\"><img loading=\"lazy\" decoding=\"async\" src=\"https:\/\/radiowebmx.com\/nota\/wp-content\/uploads\/2017\/04\/Comunicado-546-595x396.jpg\" alt=\"\" width=\"595\" height=\"396\" class=\"alignnone size-medium wp-image-34342\" srcset=\"https:\/\/radiowebmx.com\/nota\/wp-content\/uploads\/2017\/04\/Comunicado-546-595x396.jpg 595w, https:\/\/radiowebmx.com\/nota\/wp-content\/uploads\/2017\/04\/Comunicado-546.jpg 709w\" sizes=\"auto, (max-width: 595px) 100vw, 595px\" \/><\/a><\/p>\n<p>Morelia; Michoac\u00e1n, 20 de abril de 2017.- La participaci\u00f3n de los sectores p\u00fablicos, privados y sociales, en el desarrollo social del Estado resulta vital, raz\u00f3n por la cual es preciso la fortaleza y cumplimiento de los ordenamientos jur\u00eddicos que sustenten la interrelaci\u00f3n y participaci\u00f3n de los mismos, subray\u00f3 el diputado Manuel L\u00f3pez Mel\u00e9ndez, presidente de la Comisi\u00f3n de Desarrollo Social de la LXXIII Legislatura local.<\/p>\n<p>El tambi\u00e9n Coordinador del Grupo Parlamentario del PRD apunt\u00f3 que tanto el Ejecutivo Federal, del Estado, sus dependencias, como los propios ayuntamientos deben continuar reforzando sus compromisos que en este rubro les impone las normas del estado.<\/p>\n<p>Subray\u00f3 que la inclusi\u00f3n participativa del sector p\u00fablico con los sectores privados, empresariales, organizaciones civiles y sociales, dependencias y por supuesto de los ayuntamientos generan, no s\u00f3lo certidumbre, sino la culturizaci\u00f3n de actividades participativas y compromisos compartidos en beneficio de nuestro Estado y su desarrollo social.<\/p>\n<p>El legislador de extracci\u00f3n perredista consider\u00f3 que las autoridades  tienen la responsabilidad de evitar que se desvirt\u00fae o desnaturalice el inter\u00e9s superior que implica el desarrollo social de nuestra entidad, siendo garantes de ello, por lo que el diputado Manuel L\u00f3pez Mel\u00e9ndez celebr\u00f3 que en el territorio michoacano se est\u00e9n emprendiendo acciones para combatir la pobreza y desigualdad, acciones que desde el Poder Legislativo, en el \u00e1mbito de su competencia apoyar\u00e1 desde la bancada del Grupo Parlamentario del PRD.<\/p>\n<p>El desarrollo social, a\u00f1adi\u00f3, es el proceso de realizaci\u00f3n de los derechos de la poblaci\u00f3n mediante el cual se fomenta el mejoramiento integral de las condiciones de vida, a trav\u00e9s de la obtenci\u00f3n y desarrollo de habilidades as\u00ed como la creaci\u00f3n de oportunidades sociales, la erradicaci\u00f3n de la desigualdad y de la exclusi\u00f3n e inequidad social entre individuos y grupos, con el fin de lograr su incorporaci\u00f3n plena a la vida econ\u00f3mica, social y cultural.<\/p>\n<p>\u201cSatisfacer las necesidades materiales b\u00e1sicas de la poblaci\u00f3n, esencialmente en los \u00e1mbitos de alimentaci\u00f3n, salud, educaci\u00f3n, vivienda e infraestructura social, debe ser un compromiso efectivo del estado, tal y como lo es por el actual gobierno estatal, en donde a trav\u00e9s de varias dependencias como la de Pol\u00edtica Social se realizan acciones en favor de los michoacanos\u201d.<\/p>\n<p>Destac\u00f3 la planeaci\u00f3n como una condici\u00f3n irrenunciable en materia social, ya que permite vincular la operaci\u00f3n e instrumentaci\u00f3n de los programas espec\u00edficos con los objetivos generales establecidos de manera previa, \u201cen ella deben participar los grupos sociales involucrados\u201d.<\/p>\n<p>En ese sentido, como Presidente de la Comisi\u00f3n de Desarrollo Social en la LXXIII Legislatura local, indic\u00f3 que buscar\u00e1n emprender acciones para fortalecer este rubro en beneficio de los ciudadanos.<\/p>\n","protected":false},"excerpt":{"rendered":"<p>Morelia; Michoac\u00e1n, 20 de abril de 2017.- La participaci\u00f3n de los sectores p\u00fablicos, privados y sociales, en el desarrollo social del Estado resulta vital, raz\u00f3n por la cual es preciso la fortaleza y cumplimiento de los ordenamientos jur\u00eddicos que sustenten la interrelaci\u00f3n y participaci\u00f3n de los mismos, subray\u00f3 el diputado Manuel L\u00f3pez Mel\u00e9ndez, presidente de [&hellip;]<\/p>\n","protected":false},"author":2,"featured_media":34342,"comment_status":"closed","ping_status":"closed","sticky":false,"template":"","format":"standard","meta":{"footnotes":""},"categories":[6,14,19],"tags":[],"class_list":["post-34341","post","type-post","status-publish","format-standard","has-post-thumbnail","hentry","category-congreso-del-estado","category-destacadas","category-grupo-parlamentario-del-prd"],"_links":{"self":[{"href":"https:\/\/radiowebmx.com\/nota\/wp-json\/wp\/v2\/posts\/34341","targetHints":{"allow":["GET"]}}],"collection":[{"href":"https:\/\/radiowebmx.com\/nota\/wp-json\/wp\/v2\/posts"}],"about":[{"href":"https:\/\/radiowebmx.com\/nota\/wp-json\/wp\/v2\/types\/post"}],"author":[{"embeddable":true,"href":"https:\/\/radiowebmx.com\/nota\/wp-json\/wp\/v2\/users\/2"}],"replies":[{"embeddable":true,"href":"https:\/\/radiowebmx.com\/nota\/wp-json\/wp\/v2\/comments?post=34341"}],"version-history":[{"count":1,"href":"https:\/\/radiowebmx.com\/nota\/wp-json\/wp\/v2\/posts\/34341\/revisions"}],"predecessor-version":[{"id":34343,"href":"https:\/\/radiowebmx.com\/nota\/wp-json\/wp\/v2\/posts\/34341\/revisions\/34343"}],"wp:featuredmedia":[{"embeddable":true,"href":"https:\/\/radiowebmx.com\/nota\/wp-json\/wp\/v2\/media\/34342"}],"wp:attachment":[{"href":"https:\/\/radiowebmx.com\/nota\/wp-json\/wp\/v2\/media?parent=34341"}],"wp:term":[{"taxonomy":"category","embeddable":true,"href":"https:\/\/radiowebmx.com\/nota\/wp-json\/wp\/v2\/categories?post=34341"},{"taxonomy":"post_tag","embeddable":true,"href":"https:\/\/radiowebmx.com\/nota\/wp-json\/wp\/v2\/tags?post=34341"}],"curies":[{"name":"wp","href":"https:\/\/api.w.org\/{rel}","templated":true}]}}