{"id":34333,"date":"2017-04-20T18:34:31","date_gmt":"2017-04-20T23:34:31","guid":{"rendered":"https:\/\/radiowebmx.com\/nota\/?p=34333"},"modified":"2017-04-21T10:36:05","modified_gmt":"2017-04-21T15:36:05","slug":"en-puerta-sexta-jornada-del-dia-del-libro-en-morelia","status":"publish","type":"post","link":"https:\/\/radiowebmx.com\/nota\/en-puerta-sexta-jornada-del-dia-del-libro-en-morelia\/","title":{"rendered":"En puerta, &#8220;Sexta Jornada del D\u00eda del Libro&#8221; en Morelia"},"content":{"rendered":"<p><a href=\"https:\/\/radiowebmx.com\/nota\/wp-content\/uploads\/2017\/04\/2e9c3b7e-4418-4078-b0b2-1fa3045ca014.jpg\"><img loading=\"lazy\" decoding=\"async\" src=\"https:\/\/radiowebmx.com\/nota\/wp-content\/uploads\/2017\/04\/2e9c3b7e-4418-4078-b0b2-1fa3045ca014-595x394.jpg\" alt=\"\" width=\"595\" height=\"394\" class=\"alignnone size-medium wp-image-34334\" srcset=\"https:\/\/radiowebmx.com\/nota\/wp-content\/uploads\/2017\/04\/2e9c3b7e-4418-4078-b0b2-1fa3045ca014-595x394.jpg 595w, https:\/\/radiowebmx.com\/nota\/wp-content\/uploads\/2017\/04\/2e9c3b7e-4418-4078-b0b2-1fa3045ca014.jpg 709w\" sizes=\"auto, (max-width: 595px) 100vw, 595px\" \/><\/a><\/p>\n<p>Con el objetivo de promover la lectura y el arte, el Ayuntamiento, a trav\u00e9s del Archivo Hist\u00f3rico Municipal de Morelia, prepara la &#8220;Sexta Jornada del D\u00eda del Libro&#8221;, la cual se realizar\u00e1 del 25 al 27 de abril del presente a\u00f1o en las instalaciones de esta dependencia municipal de las 10:00 a las 19:00 horas, todos los d\u00edas.<\/p>\n<p>En esta actividad se contar\u00e1 con novedades que no s\u00f3lo promover\u00e1n el gusto por leer un libro sino tambi\u00e9n despertar\u00e1n y alentar\u00e1n el gusto musical, coment\u00f3 el Director de Asuntos Interinstitucionales y de Cabildo, Germ\u00e1n Mart\u00ednez Ramos y la Jefa de Departamento del Archivo, Martha Su\u00e1rez Cerda, con la presentaci\u00f3n de la obra de t\u00edteres \u201cHistoria y sue\u00f1os\u201d, que realiza Carlos Alarc\u00f3n a las 17:00 horas, as\u00ed como la Orquesta Infantil de Fomento y Desarrollo Social de la Secretar\u00eda de Cultura del Estado (SECUM), la cual dirige el Maestro Jos\u00e9 Arturo Mart\u00ednez a las 18:00 horas; todo el jueves 27 de abril.<\/p>\n<p>Aunado a esto se contar\u00e1 con la participaci\u00f3n de la Librer\u00eda Madero, que tendr\u00e1 en venta varios t\u00edtulos para todas las edades, incluso habr\u00e1 una secci\u00f3n de cuentos para ni\u00f1os que podr\u00e1n adquirirse en \u00e9sta Sexta Jornada del D\u00eda del Libro.<\/p>\n<p>Cabe destacar que como ya es costumbre se contar\u00e1 con mesas de regalo para dotar a los asistentes de un libro.<\/p>\n","protected":false},"excerpt":{"rendered":"<p>Con el objetivo de promover la lectura y el arte, el Ayuntamiento, a trav\u00e9s del Archivo Hist\u00f3rico Municipal de Morelia, prepara la &#8220;Sexta Jornada del D\u00eda del Libro&#8221;, la cual se realizar\u00e1 del 25 al 27 de abril del presente a\u00f1o en las instalaciones de esta dependencia municipal de las 10:00 a las 19:00 horas, [&hellip;]<\/p>\n","protected":false},"author":2,"featured_media":34334,"comment_status":"closed","ping_status":"closed","sticky":false,"template":"","format":"standard","meta":{"footnotes":""},"categories":[14,9],"tags":[],"class_list":["post-34333","post","type-post","status-publish","format-standard","has-post-thumbnail","hentry","category-destacadas","category-morelia"],"_links":{"self":[{"href":"https:\/\/radiowebmx.com\/nota\/wp-json\/wp\/v2\/posts\/34333","targetHints":{"allow":["GET"]}}],"collection":[{"href":"https:\/\/radiowebmx.com\/nota\/wp-json\/wp\/v2\/posts"}],"about":[{"href":"https:\/\/radiowebmx.com\/nota\/wp-json\/wp\/v2\/types\/post"}],"author":[{"embeddable":true,"href":"https:\/\/radiowebmx.com\/nota\/wp-json\/wp\/v2\/users\/2"}],"replies":[{"embeddable":true,"href":"https:\/\/radiowebmx.com\/nota\/wp-json\/wp\/v2\/comments?post=34333"}],"version-history":[{"count":1,"href":"https:\/\/radiowebmx.com\/nota\/wp-json\/wp\/v2\/posts\/34333\/revisions"}],"predecessor-version":[{"id":34335,"href":"https:\/\/radiowebmx.com\/nota\/wp-json\/wp\/v2\/posts\/34333\/revisions\/34335"}],"wp:featuredmedia":[{"embeddable":true,"href":"https:\/\/radiowebmx.com\/nota\/wp-json\/wp\/v2\/media\/34334"}],"wp:attachment":[{"href":"https:\/\/radiowebmx.com\/nota\/wp-json\/wp\/v2\/media?parent=34333"}],"wp:term":[{"taxonomy":"category","embeddable":true,"href":"https:\/\/radiowebmx.com\/nota\/wp-json\/wp\/v2\/categories?post=34333"},{"taxonomy":"post_tag","embeddable":true,"href":"https:\/\/radiowebmx.com\/nota\/wp-json\/wp\/v2\/tags?post=34333"}],"curies":[{"name":"wp","href":"https:\/\/api.w.org\/{rel}","templated":true}]}}