{"id":3433,"date":"2013-08-13T08:51:48","date_gmt":"2013-08-13T13:51:48","guid":{"rendered":"https:\/\/radiowebmx.com\/nota\/?p=3433"},"modified":"2013-08-13T08:51:48","modified_gmt":"2013-08-13T13:51:48","slug":"afinan-detalles-del-documento-final-que-conformara-el-acuerdo-por-michoacan","status":"publish","type":"post","link":"https:\/\/radiowebmx.com\/nota\/afinan-detalles-del-documento-final-que-conformara-el-acuerdo-por-michoacan\/","title":{"rendered":"AFINAN DETALLES DEL DOCUMENTO FINAL QUE CONFORMAR\u00c1 EL ACUERDO POR MICHOAC\u00c1N"},"content":{"rendered":"<p><a href=\"https:\/\/radiowebmx.com\/nota\/wp-content\/uploads\/2013\/08\/DSC_4953.jpg\"><img loading=\"lazy\" decoding=\"async\" class=\"alignleft size-full wp-image-3434\" alt=\"DSC_4953\" src=\"https:\/\/radiowebmx.com\/nota\/wp-content\/uploads\/2013\/08\/DSC_4953.jpg\" width=\"591\" height=\"230\" \/><\/a>En lo que fue la tercera reuni\u00f3n de trabajo del Comit\u00e9 T\u00e9cnico que integra las propuestas del Acuerdo por Michoac\u00e1n, se revisaron los tres apartados que integrar\u00e1n el documento final que concentre todas las propuestas de los diferentes sectores y actores de la entidad.<\/p>\n<p>Se trata de la exposici\u00f3n de motivos, el plan emergente que contiene las principales l\u00edneas de acci\u00f3n y las propuestas identificadas y clasificadas en base a los diferentes rubros o ejes.<\/p>\n<p>En presencia de las senadoras por Michoac\u00e1n, Roc\u00edo Pineda Gochi y Luis Mar\u00eda Calder\u00f3n Hinojosa; el delegado en la entidad de la Secretar\u00eda de Gobernaci\u00f3n federal, Rogelio Caballero Meraz; del diputado local El\u00edas Ibarra Torres, adem\u00e1s de los representantes de las diferentes fuerzas pol\u00edticas del estado, integrantes de C\u00e1maras, de la sociedad civil organizada, productores y la academia, se revisaron estos documentos armados por especialistas de la Universidad Michoacana de San Nicol\u00e1s de Hidalgo.<\/p>\n<p>El acuerdo en esta sesi\u00f3n de trabajo del Comit\u00e9, es que cada integrante en lo individual revisar\u00e1 este borrador, para el d\u00eda mi\u00e9rcoles estar en posibilidades de hacer las correcciones o adiciones pertinentes y darle una lectura final.<\/p>\n<p>Tambi\u00e9n se record\u00f3 que este martes 13 de agosto, se recibir\u00e1n las \u00faltimas propuestas por escrito para integrarlas al documento final, aunque se enfatiz\u00f3 que este Acuerdo siempre estar\u00e1 abierto a recibir nuevas propuestas e incluir a todas las voces.<\/p>\n<p>&nbsp;<\/p>\n","protected":false},"excerpt":{"rendered":"<p>En lo que fue la tercera reuni\u00f3n de trabajo del Comit\u00e9 T\u00e9cnico que integra las propuestas del Acuerdo por Michoac\u00e1n, se revisaron los tres apartados que integrar\u00e1n el documento final que concentre todas las propuestas de los diferentes sectores y actores de la entidad.<\/p>\n","protected":false},"author":1,"featured_media":0,"comment_status":"open","ping_status":"open","sticky":false,"template":"","format":"standard","meta":{"footnotes":""},"categories":[14,3],"tags":[],"class_list":["post-3433","post","type-post","status-publish","format-standard","hentry","category-destacadas","category-gobierno-del-estado-de-michoacan"],"_links":{"self":[{"href":"https:\/\/radiowebmx.com\/nota\/wp-json\/wp\/v2\/posts\/3433","targetHints":{"allow":["GET"]}}],"collection":[{"href":"https:\/\/radiowebmx.com\/nota\/wp-json\/wp\/v2\/posts"}],"about":[{"href":"https:\/\/radiowebmx.com\/nota\/wp-json\/wp\/v2\/types\/post"}],"author":[{"embeddable":true,"href":"https:\/\/radiowebmx.com\/nota\/wp-json\/wp\/v2\/users\/1"}],"replies":[{"embeddable":true,"href":"https:\/\/radiowebmx.com\/nota\/wp-json\/wp\/v2\/comments?post=3433"}],"version-history":[{"count":1,"href":"https:\/\/radiowebmx.com\/nota\/wp-json\/wp\/v2\/posts\/3433\/revisions"}],"predecessor-version":[{"id":3435,"href":"https:\/\/radiowebmx.com\/nota\/wp-json\/wp\/v2\/posts\/3433\/revisions\/3435"}],"wp:attachment":[{"href":"https:\/\/radiowebmx.com\/nota\/wp-json\/wp\/v2\/media?parent=3433"}],"wp:term":[{"taxonomy":"category","embeddable":true,"href":"https:\/\/radiowebmx.com\/nota\/wp-json\/wp\/v2\/categories?post=3433"},{"taxonomy":"post_tag","embeddable":true,"href":"https:\/\/radiowebmx.com\/nota\/wp-json\/wp\/v2\/tags?post=3433"}],"curies":[{"name":"wp","href":"https:\/\/api.w.org\/{rel}","templated":true}]}}