{"id":341,"date":"2012-11-21T13:35:48","date_gmt":"2012-11-21T19:35:48","guid":{"rendered":"https:\/\/radiowebmx.com\/nota\/?p=341"},"modified":"2012-11-21T13:35:49","modified_gmt":"2012-11-21T19:35:49","slug":"se-suma-al-consejo-representante-de-la-ciudadania","status":"publish","type":"post","link":"https:\/\/radiowebmx.com\/nota\/se-suma-al-consejo-representante-de-la-ciudadania\/","title":{"rendered":"Se suma al Consejo representante de la ciudadan\u00eda"},"content":{"rendered":"<p><img loading=\"lazy\" decoding=\"async\" class=\"alignnone\" src=\"http:\/\/img839.imageshack.us\/img839\/2671\/alejandrogonzalezgomezy.jpg\" alt=\"\" width=\"591\" height=\"311\" \/>Jos\u00e9 Luis Sol\u00f3rzano Garc\u00eda, representante de la sociedad civil, fue designado el d\u00eda de hoy consejero ciudadano del Consejo para el nuevo sistema de justicia penal en Michoac\u00e1n.\u00a0 Durante la vigesimoctava sesi\u00f3n ordinaria del \u00f3rgano implementador tambi\u00e9n fue presentado el anteproyecto de Ley Org\u00e1nica del Poder Judicial, que regular\u00e1 la organizaci\u00f3n y funcionamiento de dicha instituci\u00f3n considerando las nuevas figuras, competencias y atribuciones contempladas en la reforma penal que sienta las bases para el modelo acusatorio.<\/p>\n<p>&nbsp;<\/p>\n<p>Jes\u00fas Sierra Arias, consejero del Poder Judicial e integrante del consejo implementador, hizo observaciones a dicho anteproyecto, que contemplan ajustes menores a dos art\u00edculos y la inclusi\u00f3n de uno nuevo, que vigile la efectivizaci\u00f3n de las multas impuestas por el Poder Judicial a la vez que les confiera el car\u00e1cter de cr\u00e9dito fiscal.\u00a0 Tras aceptar dichas observaciones, el anteproyecto de Ley Org\u00e1nica del Poder Judicial fue aprobado por el pleno del Consejo, as\u00ed como que sean los diputados integrantes de este \u00f3rgano colegiado quienes lo eleven como iniciativa al pleno del Congreso del Estado.<\/p>\n<p>&nbsp;<\/p>\n<p>Posteriormente y tras ser sometida a votaci\u00f3n y aprobada la propuesta realizada por la presidencia, Jos\u00e9 Luis Sol\u00f3rzano Garc\u00eda fue designado consejero ciudadano del \u00f3rgano colegiado que tiene por tarea la implementaci\u00f3n del Nuevo sistema de justicia penal en nuestra entidad. Sol\u00f3rzano Garc\u00eda expres\u00f3 que &#8220;como ciudadano es muy importante saber que podemos ayudar y ser parte de este nuevo sistema judicial&#8221;, pues la sociedad desea una &#8220;mayor eficacia y eficiencia en la aplicaci\u00f3n de justicia.\u00a0 Qu\u00e9 mejor que desde esta trinchera tambi\u00e9n, representando a la sociedad civil, pueda contribuir a lograr un mejor estado para todos y cada uno de los michoacanos&#8221;.<\/p>\n<p>&nbsp;<\/p>\n<p>Jos\u00e9 Luis Sol\u00f3rzano Garc\u00eda es ingeniero civil por la Universidad Michoacana de San Nicol\u00e1s de Hidalgo y maestro en Administraci\u00f3n de la Construcci\u00f3n por la Universidad Iberoamericana.\u00a0 Se ha desempe\u00f1ado mayoritariamente en el \u00e1mbito de la construcci\u00f3n y desarrollo urbano, y tambi\u00e9n ha sido docente en las facultades de Ingenier\u00eda Civil y Contabilidad de la UMSNH.<\/p>\n<p>&nbsp;<\/p>\n<p>En asuntos generales, la consejera y jueza Amalia Herrera Arroyo present\u00f3 la propuesta de que el Consejo solicite, por conducto de la Secretar\u00eda de Gobierno, al Poder Ejecutivo del Estado que los contenidos de la campa\u00f1a publicitaria del Nuevo sistema de justicia penal se incluyan en el programa del Sistema Michoacano de Radio y Televisi\u00f3n.\u00a0 Jes\u00fas Reyna Garc\u00eda, Secretario de Gobierno, celebr\u00f3 la propuesta y dijo que se har\u00e1 lo necesario para disponer de espacios en dicho organismo p\u00fablico, &#8220;para poder dar la mayor difusi\u00f3n al Nuevo sistema de justicia penal, que sin duda es un tema de inter\u00e9s para todos&#8221;.\u00a0 Se estima que en la pr\u00f3xima sesi\u00f3n del Consejo pueda realizarse la firma de un convenio de colaboraci\u00f3n interinstitucional.<\/p>\n<p>&nbsp;<\/p>\n<p>Enseguida, el diputado Sebasti\u00e1n Naranjo Blanco puso a consideraci\u00f3n del Consejo la posibilidad de que se establezca una priorizaci\u00f3n para la revisi\u00f3n y aprobaci\u00f3n de la normatividad complementaria que el \u00f3rgano implementador ha hecho llegar al Congreso o que se encuentra en v\u00edsperas de ser enviada.\u00a0 \u00a0&#8220;Todas (las leyes) son importantes, pero algunas son m\u00e1s urgentes&#8221;, expres\u00f3.\u00a0 Por ello se acord\u00f3 que el orden de prioridad para la revisi\u00f3n de los anteproyectos en el pleno del Congreso y las respectivas comisiones sea como sigue: la ley que crea al Instituto de Defensor\u00eda P\u00fablica, las leyes org\u00e1nicas del Poder Judicial y de la Procuradur\u00eda General de Justicia, la ley de justicia alternativa y restaurativa, y finalmente el nuevo C\u00f3digo Penal.<\/p>\n<p>&nbsp;<\/p>\n<p>Por su parte, la Secretar\u00eda ejecutiva inform\u00f3 que el d\u00eda mi\u00e9rcoles los integrantes del Consejo para el nuevo sistema de justicia penal sostendr\u00e1n una reuni\u00f3n con la Junta de Coordinaci\u00f3n Pol\u00edtica as\u00ed como con las comisiones de Justicia y Seguridad P\u00fablica, a fin de fortalecer la coordinaci\u00f3n y di\u00e1logo con el Congreso del Estado, con miras al establecimiento del Nuevo sistema de seguridad p\u00fablica y justicia penal.<\/p>\n<p>&nbsp;<\/p>\n<p>Tambi\u00e9n se dio a conocer que en la primera sesi\u00f3n extraordinaria del Comit\u00e9 de Capacitaci\u00f3n se acord\u00f3 que el investigador y estadista Guillermo Zepeda Lecuona realice un an\u00e1lisis de proyecci\u00f3n de necesidades de la Procuradur\u00eda General de Justicia para la implementaci\u00f3n del nuevo sistema en la primera regi\u00f3n, a la vez que se aval\u00f3 el contenido tem\u00e1tico del diplomado &#8220;Juicio Oral en Materia Penal&#8221; que ofrecer\u00e1 la Universidad del Valle de Atemajac, campus La Piedad.\u00a0 Asimismo, se aprob\u00f3 el mecanismo para la elaboraci\u00f3n de los manuales para operadores del Nuevo sistema de justicia penal, que ser\u00e1n coordinados por la acad\u00e9mica Diana Cristal Gonz\u00e1lez Obreg\u00f3n.<\/p>\n<p>&nbsp;<\/p>\n<p>Se inform\u00f3 tambi\u00e9n sobre un seminario para periodistas coordinado por las \u00e1reas de comunicaci\u00f3n social de Procuradur\u00eda General de Justicia, Secretar\u00eda de Gobierno, Secretar\u00eda de Seguridad P\u00fablica, Poder Judicial, Congreso del Estado, as\u00ed como de la propia Secretar\u00eda ejecutiva del Consejo.\u00a0 Dicho seminario busca ofrecer a los jefes de informaci\u00f3n, reporteros gr\u00e1ficos y periodistas, un panorama general sobre el Nuevo sistema de justicia penal y qu\u00e9 puede, qu\u00e9 debe y qu\u00e9 no debe hacer el periodismo en este nuevo modelo de seguridad p\u00fablica y justicia penal.<\/p>\n<p>&nbsp;<\/p>\n<p>Finalmente, la Secretar\u00eda ejecutiva dio a conocer las fechas en que se desarrollar\u00e1 el <em>practicum<\/em> o curso pr\u00e1ctico intensivo en el que converger\u00e1n los operadores del Nuevo sistema de justicia penal con el fin de comprender los roles pr\u00e1cticos de cada uno.\u00a0 Este curso tendr\u00e1 lugar en distintas sesiones comprendidas entre el 26 de noviembre de este a\u00f1o y el 16 de febrero del siguiente.\u00a0 Participar\u00e1n en \u00e9l 20 agentes del Ministerio p\u00fablico, 20 jueces de oralidad, 20 polic\u00edas investigadores y 20 defensores p\u00fablicos.<\/p>\n<p>&nbsp;<\/p>\n","protected":false},"excerpt":{"rendered":"<p>Jos\u00e9 Luis Sol\u00f3rzano Garc\u00eda, representante de la sociedad civil, fue designado el d\u00eda de hoy consejero ciudadano del Consejo para el nuevo sistema de justicia penal en Michoac\u00e1n.\u00a0 Durante la vigesimoctava sesi\u00f3n ordinaria del \u00f3rgano implementador tambi\u00e9n fue presentado el anteproyecto de Ley Org\u00e1nica del Poder Judicial, que regular\u00e1 la organizaci\u00f3n y funcionamiento de dicha [&hellip;]<\/p>\n","protected":false},"author":1,"featured_media":0,"comment_status":"open","ping_status":"open","sticky":false,"template":"","format":"standard","meta":{"footnotes":""},"categories":[3],"tags":[],"class_list":["post-341","post","type-post","status-publish","format-standard","hentry","category-gobierno-del-estado-de-michoacan"],"_links":{"self":[{"href":"https:\/\/radiowebmx.com\/nota\/wp-json\/wp\/v2\/posts\/341","targetHints":{"allow":["GET"]}}],"collection":[{"href":"https:\/\/radiowebmx.com\/nota\/wp-json\/wp\/v2\/posts"}],"about":[{"href":"https:\/\/radiowebmx.com\/nota\/wp-json\/wp\/v2\/types\/post"}],"author":[{"embeddable":true,"href":"https:\/\/radiowebmx.com\/nota\/wp-json\/wp\/v2\/users\/1"}],"replies":[{"embeddable":true,"href":"https:\/\/radiowebmx.com\/nota\/wp-json\/wp\/v2\/comments?post=341"}],"version-history":[{"count":3,"href":"https:\/\/radiowebmx.com\/nota\/wp-json\/wp\/v2\/posts\/341\/revisions"}],"predecessor-version":[{"id":344,"href":"https:\/\/radiowebmx.com\/nota\/wp-json\/wp\/v2\/posts\/341\/revisions\/344"}],"wp:attachment":[{"href":"https:\/\/radiowebmx.com\/nota\/wp-json\/wp\/v2\/media?parent=341"}],"wp:term":[{"taxonomy":"category","embeddable":true,"href":"https:\/\/radiowebmx.com\/nota\/wp-json\/wp\/v2\/categories?post=341"},{"taxonomy":"post_tag","embeddable":true,"href":"https:\/\/radiowebmx.com\/nota\/wp-json\/wp\/v2\/tags?post=341"}],"curies":[{"name":"wp","href":"https:\/\/api.w.org\/{rel}","templated":true}]}}