{"id":33965,"date":"2017-04-12T11:47:32","date_gmt":"2017-04-12T16:47:32","guid":{"rendered":"https:\/\/radiowebmx.com\/nota\/?p=33965"},"modified":"2017-04-12T11:47:32","modified_gmt":"2017-04-12T16:47:32","slug":"ayuntamiento-y-monarcas-morelia-invitan-a-ciudadania-a-pintar-de-rojo-y-amarillo-la-plaza-jardin-morelos","status":"publish","type":"post","link":"https:\/\/radiowebmx.com\/nota\/ayuntamiento-y-monarcas-morelia-invitan-a-ciudadania-a-pintar-de-rojo-y-amarillo-la-plaza-jardin-morelos\/","title":{"rendered":"Ayuntamiento y Monarcas Morelia invitan a ciudadan\u00eda a pintar de rojo y amarillo la Plaza Jard\u00edn Morelos"},"content":{"rendered":"<p><a href=\"https:\/\/radiowebmx.com\/nota\/wp-content\/uploads\/2017\/04\/a9b2a1a1-fdfd-4b2b-8513-a9f4ad164f1f.png\"><img loading=\"lazy\" decoding=\"async\" src=\"https:\/\/radiowebmx.com\/nota\/wp-content\/uploads\/2017\/04\/a9b2a1a1-fdfd-4b2b-8513-a9f4ad164f1f-595x559.png\" alt=\"\" width=\"595\" height=\"559\" class=\"alignnone size-medium wp-image-33966\" srcset=\"https:\/\/radiowebmx.com\/nota\/wp-content\/uploads\/2017\/04\/a9b2a1a1-fdfd-4b2b-8513-a9f4ad164f1f-595x559.png 595w, https:\/\/radiowebmx.com\/nota\/wp-content\/uploads\/2017\/04\/a9b2a1a1-fdfd-4b2b-8513-a9f4ad164f1f.png 709w\" sizes=\"auto, (max-width: 595px) 100vw, 595px\" \/><\/a><\/p>\n<p>El Ayuntamiento de Morelia que encabeza el Alcalde, Alfonso Mart\u00ednez Alc\u00e1zar en conjunto con el equipo Monarcas Morelia, tienen todo listo para que este mi\u00e9rcoles 12 de abril, la Plaza Jard\u00edn Morelos se convierta en el escenario perfecto para apoyar al Equipo de La Fuerza en el partido contra los Tuzos del Pachuca.<\/p>\n<p>Ser\u00e1 a partir de las 20:00 horas en este emblem\u00e1tico lugar en donde se proyectar\u00e1 el partido pendiente de la jornada 10, para que sea disfrutado por cientos de personas que no tuvieron la oportunidad de viajar hasta Pachuca para apoyar al equipo de Monarcas Morelia.<\/p>\n<p>Con esta actividad, adem\u00e1s motivar al equipo local en su lucha por la permanencia en la Primera Divisi\u00f3n del futbol mexicano, el Gobierno Municipal promueve la convivencia familiar y el uso de plazas p\u00fablicas para fines recreativos.<\/p>\n<p>Cabe destacar que para que la ciudadan\u00eda disfrute mejor de este evento, es recomendable llegar con antelaci\u00f3n para apartar los lugares que sean de su preferencia.<\/p>\n","protected":false},"excerpt":{"rendered":"<p>El Ayuntamiento de Morelia que encabeza el Alcalde, Alfonso Mart\u00ednez Alc\u00e1zar en conjunto con el equipo Monarcas Morelia, tienen todo listo para que este mi\u00e9rcoles 12 de abril, la Plaza Jard\u00edn Morelos se convierta en el escenario perfecto para apoyar al Equipo de La Fuerza en el partido contra los Tuzos del Pachuca. Ser\u00e1 a [&hellip;]<\/p>\n","protected":false},"author":2,"featured_media":33966,"comment_status":"closed","ping_status":"closed","sticky":false,"template":"","format":"standard","meta":{"footnotes":""},"categories":[14,9],"tags":[],"class_list":["post-33965","post","type-post","status-publish","format-standard","has-post-thumbnail","hentry","category-destacadas","category-morelia"],"_links":{"self":[{"href":"https:\/\/radiowebmx.com\/nota\/wp-json\/wp\/v2\/posts\/33965","targetHints":{"allow":["GET"]}}],"collection":[{"href":"https:\/\/radiowebmx.com\/nota\/wp-json\/wp\/v2\/posts"}],"about":[{"href":"https:\/\/radiowebmx.com\/nota\/wp-json\/wp\/v2\/types\/post"}],"author":[{"embeddable":true,"href":"https:\/\/radiowebmx.com\/nota\/wp-json\/wp\/v2\/users\/2"}],"replies":[{"embeddable":true,"href":"https:\/\/radiowebmx.com\/nota\/wp-json\/wp\/v2\/comments?post=33965"}],"version-history":[{"count":1,"href":"https:\/\/radiowebmx.com\/nota\/wp-json\/wp\/v2\/posts\/33965\/revisions"}],"predecessor-version":[{"id":33967,"href":"https:\/\/radiowebmx.com\/nota\/wp-json\/wp\/v2\/posts\/33965\/revisions\/33967"}],"wp:featuredmedia":[{"embeddable":true,"href":"https:\/\/radiowebmx.com\/nota\/wp-json\/wp\/v2\/media\/33966"}],"wp:attachment":[{"href":"https:\/\/radiowebmx.com\/nota\/wp-json\/wp\/v2\/media?parent=33965"}],"wp:term":[{"taxonomy":"category","embeddable":true,"href":"https:\/\/radiowebmx.com\/nota\/wp-json\/wp\/v2\/categories?post=33965"},{"taxonomy":"post_tag","embeddable":true,"href":"https:\/\/radiowebmx.com\/nota\/wp-json\/wp\/v2\/tags?post=33965"}],"curies":[{"name":"wp","href":"https:\/\/api.w.org\/{rel}","templated":true}]}}