{"id":33959,"date":"2017-04-12T11:43:13","date_gmt":"2017-04-12T16:43:13","guid":{"rendered":"https:\/\/radiowebmx.com\/nota\/?p=33959"},"modified":"2017-04-12T11:43:13","modified_gmt":"2017-04-12T16:43:13","slug":"capacita-cecytem-a-docentes-y-coordinadores-de-robotica-y-clientes-ligeros","status":"publish","type":"post","link":"https:\/\/radiowebmx.com\/nota\/capacita-cecytem-a-docentes-y-coordinadores-de-robotica-y-clientes-ligeros\/","title":{"rendered":"Capacita CECyTEM a docentes y coordinadores de Rob\u00f3tica y Clientes Ligeros"},"content":{"rendered":"<p><a href=\"https:\/\/radiowebmx.com\/nota\/wp-content\/uploads\/2017\/04\/2a2f7909-0fd6-4710-8c90-66d94409e35c.jpg\"><img loading=\"lazy\" decoding=\"async\" src=\"https:\/\/radiowebmx.com\/nota\/wp-content\/uploads\/2017\/04\/2a2f7909-0fd6-4710-8c90-66d94409e35c-595x396.jpg\" alt=\"\" width=\"595\" height=\"396\" class=\"alignnone size-medium wp-image-33960\" srcset=\"https:\/\/radiowebmx.com\/nota\/wp-content\/uploads\/2017\/04\/2a2f7909-0fd6-4710-8c90-66d94409e35c-595x396.jpg 595w, https:\/\/radiowebmx.com\/nota\/wp-content\/uploads\/2017\/04\/2a2f7909-0fd6-4710-8c90-66d94409e35c.jpg 709w\" sizes=\"auto, (max-width: 595px) 100vw, 595px\" \/><\/a><br \/>\nMorelia, Michoac\u00e1n, a 12 de abril de 2017.- Con la finalidad de posicionar al Colegio de Estudios Cient\u00edficos y Tecnol\u00f3gicos del Estado de Michoac\u00e1n (CECyTEM) como una instituci\u00f3n de educaci\u00f3n media superior a la vanguardia y competitiva a nivel nacional e internacional, la instituci\u00f3n comienza una nueva etapa con la incorporaci\u00f3n de estudios de Rob\u00f3tica y Virtualizaci\u00f3n de Clientes Ligeros (Laboratorios de C\u00f3mputo) como parte de los materiales adicionales a la curr\u00edcula.  <\/p>\n<p>La directora general del CECyTEM, Mar\u00eda del Carmen Escobedo P\u00e9rez, inform\u00f3 lo anterior y destac\u00f3 que al incorporar el equipamiento ya adquirido en materia de Rob\u00f3tica y Clientes Ligeros es necesario ofrecer la capacitaci\u00f3n correspondiente a los docentes y coordinadores que implementar\u00e1n los conocimientos adquiridos  en los 93 planteles del subsistema.<\/p>\n<p>\u201cLa capacitaci\u00f3n es de vital importancia para alcanzar la certificaci\u00f3n de las instancias internacionales  y desarrollar un mejor conocimiento que ser\u00e1 aplicado por los docentes en el aula con sus alumnos\u201d, dijo la funcionaria estatal.<\/p>\n<p>Julio Nava N\u00fa\u00f1ez, director de inform\u00e1tica del CECyTEM, resalt\u00f3 el trabajo realizado por la Direcci\u00f3n General del subsistema para la adquisici\u00f3n del equipamiento. \u201cEl objetivo es tener una academia de Rob\u00f3tica en donde nuestros estudiantes de todos los planteles participen en concursos nacionales e internacionales en la materia\u201d, apunt\u00f3.<\/p>\n<p>Cabe precisar que a los capacitados se les ofrecieron cursos de instalaci\u00f3n de virtualizaci\u00f3n y clientes ligeros, programaci\u00f3n de log\u00edstica y Virtual Worlds, ensamble de robots y dise\u00f1o de 3D (Autodesk Inventor).<\/p>\n<p>El CECyTEM es el subsistema en el estado que cuenta con la mayor cantidad de robots y que ofrece capacitaci\u00f3n para conocer las t\u00e9cnicas sobre uso y manejo de todas las piezas de rob\u00f3tica VEX para competencia, adem\u00e1s se ofrecer\u00e1 a los docentes y coordinadores los diferentes mecanismos para armar robots para el uso en las industrias y su funcionamiento.<\/p>\n","protected":false},"excerpt":{"rendered":"<p>Morelia, Michoac\u00e1n, a 12 de abril de 2017.- Con la finalidad de posicionar al Colegio de Estudios Cient\u00edficos y Tecnol\u00f3gicos del Estado de Michoac\u00e1n (CECyTEM) como una instituci\u00f3n de educaci\u00f3n media superior a la vanguardia y competitiva a nivel nacional e internacional, la instituci\u00f3n comienza una nueva etapa con la incorporaci\u00f3n de estudios de Rob\u00f3tica [&hellip;]<\/p>\n","protected":false},"author":2,"featured_media":33960,"comment_status":"closed","ping_status":"closed","sticky":false,"template":"","format":"standard","meta":{"footnotes":""},"categories":[14,3],"tags":[],"class_list":["post-33959","post","type-post","status-publish","format-standard","has-post-thumbnail","hentry","category-destacadas","category-gobierno-del-estado-de-michoacan"],"_links":{"self":[{"href":"https:\/\/radiowebmx.com\/nota\/wp-json\/wp\/v2\/posts\/33959","targetHints":{"allow":["GET"]}}],"collection":[{"href":"https:\/\/radiowebmx.com\/nota\/wp-json\/wp\/v2\/posts"}],"about":[{"href":"https:\/\/radiowebmx.com\/nota\/wp-json\/wp\/v2\/types\/post"}],"author":[{"embeddable":true,"href":"https:\/\/radiowebmx.com\/nota\/wp-json\/wp\/v2\/users\/2"}],"replies":[{"embeddable":true,"href":"https:\/\/radiowebmx.com\/nota\/wp-json\/wp\/v2\/comments?post=33959"}],"version-history":[{"count":1,"href":"https:\/\/radiowebmx.com\/nota\/wp-json\/wp\/v2\/posts\/33959\/revisions"}],"predecessor-version":[{"id":33961,"href":"https:\/\/radiowebmx.com\/nota\/wp-json\/wp\/v2\/posts\/33959\/revisions\/33961"}],"wp:featuredmedia":[{"embeddable":true,"href":"https:\/\/radiowebmx.com\/nota\/wp-json\/wp\/v2\/media\/33960"}],"wp:attachment":[{"href":"https:\/\/radiowebmx.com\/nota\/wp-json\/wp\/v2\/media?parent=33959"}],"wp:term":[{"taxonomy":"category","embeddable":true,"href":"https:\/\/radiowebmx.com\/nota\/wp-json\/wp\/v2\/categories?post=33959"},{"taxonomy":"post_tag","embeddable":true,"href":"https:\/\/radiowebmx.com\/nota\/wp-json\/wp\/v2\/tags?post=33959"}],"curies":[{"name":"wp","href":"https:\/\/api.w.org\/{rel}","templated":true}]}}