{"id":33950,"date":"2017-04-11T20:32:13","date_gmt":"2017-04-12T01:32:13","guid":{"rendered":"https:\/\/radiowebmx.com\/nota\/?p=33950"},"modified":"2017-04-12T10:25:13","modified_gmt":"2017-04-12T15:25:13","slug":"michoacan-de-los-estados-con-tasa-positiva-de-generacion-de-empleos-formales","status":"publish","type":"post","link":"https:\/\/radiowebmx.com\/nota\/michoacan-de-los-estados-con-tasa-positiva-de-generacion-de-empleos-formales\/","title":{"rendered":"Michoac\u00e1n, de los estados con tasa positiva de generaci\u00f3n de empleos formales"},"content":{"rendered":"<p><a href=\"https:\/\/radiowebmx.com\/nota\/wp-content\/uploads\/2017\/04\/58df8ad8-5cd1-47d0-b778-68896ba51cc1.jpg\"><img loading=\"lazy\" decoding=\"async\" src=\"https:\/\/radiowebmx.com\/nota\/wp-content\/uploads\/2017\/04\/58df8ad8-5cd1-47d0-b778-68896ba51cc1-595x446.jpg\" alt=\"\" width=\"595\" height=\"446\" class=\"alignnone size-medium wp-image-33951\" srcset=\"https:\/\/radiowebmx.com\/nota\/wp-content\/uploads\/2017\/04\/58df8ad8-5cd1-47d0-b778-68896ba51cc1-595x446.jpg 595w, https:\/\/radiowebmx.com\/nota\/wp-content\/uploads\/2017\/04\/58df8ad8-5cd1-47d0-b778-68896ba51cc1.jpg 709w\" sizes=\"auto, (max-width: 595px) 100vw, 595px\" \/><\/a><\/p>\n<p>Morelia, Michoac\u00e1n, a 11 de abril de 2017.- Para el Gobierno del Estado, que encabeza Silvano Aureoles Conejo, es prioritario sumar esfuerzos y trabajar con los empresarios establecidos en Michoac\u00e1n para potenciar la competitividad de la entidad, afirm\u00f3 el titular de la Secretar\u00eda de Desarrollo Econ\u00f3mico (Sedeco), Jes\u00fas Melgoza Vel\u00e1zquez.<\/p>\n<p>En reuni\u00f3n de trabajo con el presidente de la Asociaci\u00f3n de Industriales del Estado de Michoac\u00e1n (AIEMAC), Ricardo Bernal Vargas, el funcionario estatal indic\u00f3 que es indispensable redinamizar el sector industrial, pero sobre todo hacerlo de forma conjunta con los empresarios.<\/p>\n<p>\u201cComo primer paso nos acercamos a los empresarios que han confiado durante a\u00f1os en Michoac\u00e1n, para trabajar de manera coordinada con ellos, buscando que el sector contin\u00fae invirtiendo, crezca y se incremente su productividad y competitividad\u201d. <\/p>\n<p>En este tenor, expuso que Michoac\u00e1n destaca entre las entidades de la Rep\u00fablica con tasa positiva de generaci\u00f3n de empleos formales durante el primer trimestre del 2017, con un crecimiento del 6.9 por ciento, seg\u00fan registros del Instituto Mexicano del Seguro Social.<\/p>\n<p>\u00c9sto, subray\u00f3 el titular de la Sedeco, es resultado de los esfuerzos extraordinarios hechos por Gobierno del Estado, as\u00ed como por la iniciativa privada, para mantener activa la econom\u00eda estatal en un escenario de crisis nacional.      <\/p>\n<p>Durante el encuentro con el presidente de AIEMAC se abord\u00f3 el tema de la recuperaci\u00f3n de la Ciudad Industrial de Morelia y se acord\u00f3 conformar un equipo interinstitucional para la creaci\u00f3n de un proyecto estrat\u00e9gico con el que se planea el relanzamiento de esta importante \u00e1rea industrial de la capital michoacana.<\/p>\n<p>El titular de la Sedeco y el presidente de la AIEMAC fueron acompa\u00f1ados por el delegado en Michoac\u00e1n de la Secretar\u00eda de Econom\u00eda, Salvador Abud Mirabent; la secretaria de Desarrollo Econ\u00f3mico y Emprendedor del Ayuntamiento de Morelia, Ireri Rivera Garc\u00eda; y el subsecretario de Impulso a las Micro, Peque\u00f1as y Medianas Empresas de la Sedeco, Carlos R\u00edo Valencia.<\/p>\n","protected":false},"excerpt":{"rendered":"<p>Morelia, Michoac\u00e1n, a 11 de abril de 2017.- Para el Gobierno del Estado, que encabeza Silvano Aureoles Conejo, es prioritario sumar esfuerzos y trabajar con los empresarios establecidos en Michoac\u00e1n para potenciar la competitividad de la entidad, afirm\u00f3 el titular de la Secretar\u00eda de Desarrollo Econ\u00f3mico (Sedeco), Jes\u00fas Melgoza Vel\u00e1zquez. En reuni\u00f3n de trabajo con [&hellip;]<\/p>\n","protected":false},"author":2,"featured_media":33951,"comment_status":"closed","ping_status":"closed","sticky":false,"template":"","format":"standard","meta":{"footnotes":""},"categories":[14,3],"tags":[],"class_list":["post-33950","post","type-post","status-publish","format-standard","has-post-thumbnail","hentry","category-destacadas","category-gobierno-del-estado-de-michoacan"],"_links":{"self":[{"href":"https:\/\/radiowebmx.com\/nota\/wp-json\/wp\/v2\/posts\/33950","targetHints":{"allow":["GET"]}}],"collection":[{"href":"https:\/\/radiowebmx.com\/nota\/wp-json\/wp\/v2\/posts"}],"about":[{"href":"https:\/\/radiowebmx.com\/nota\/wp-json\/wp\/v2\/types\/post"}],"author":[{"embeddable":true,"href":"https:\/\/radiowebmx.com\/nota\/wp-json\/wp\/v2\/users\/2"}],"replies":[{"embeddable":true,"href":"https:\/\/radiowebmx.com\/nota\/wp-json\/wp\/v2\/comments?post=33950"}],"version-history":[{"count":1,"href":"https:\/\/radiowebmx.com\/nota\/wp-json\/wp\/v2\/posts\/33950\/revisions"}],"predecessor-version":[{"id":33952,"href":"https:\/\/radiowebmx.com\/nota\/wp-json\/wp\/v2\/posts\/33950\/revisions\/33952"}],"wp:featuredmedia":[{"embeddable":true,"href":"https:\/\/radiowebmx.com\/nota\/wp-json\/wp\/v2\/media\/33951"}],"wp:attachment":[{"href":"https:\/\/radiowebmx.com\/nota\/wp-json\/wp\/v2\/media?parent=33950"}],"wp:term":[{"taxonomy":"category","embeddable":true,"href":"https:\/\/radiowebmx.com\/nota\/wp-json\/wp\/v2\/categories?post=33950"},{"taxonomy":"post_tag","embeddable":true,"href":"https:\/\/radiowebmx.com\/nota\/wp-json\/wp\/v2\/tags?post=33950"}],"curies":[{"name":"wp","href":"https:\/\/api.w.org\/{rel}","templated":true}]}}