{"id":33947,"date":"2017-04-11T20:21:33","date_gmt":"2017-04-12T01:21:33","guid":{"rendered":"https:\/\/radiowebmx.com\/nota\/?p=33947"},"modified":"2017-04-12T10:22:59","modified_gmt":"2017-04-12T15:22:59","slug":"individuos-y-organizaciones-ajenas-deben-sacar-sus-manos-de-arantepacua-segob","status":"publish","type":"post","link":"https:\/\/radiowebmx.com\/nota\/individuos-y-organizaciones-ajenas-deben-sacar-sus-manos-de-arantepacua-segob\/","title":{"rendered":"Individuos y organizaciones ajenas deben sacar sus manos de Arantepacua: Segob"},"content":{"rendered":"<p><a href=\"https:\/\/radiowebmx.com\/nota\/wp-content\/uploads\/2017\/04\/ee66609d-51c5-4995-a585-3269e04e061c.jpeg\"><img loading=\"lazy\" decoding=\"async\" src=\"https:\/\/radiowebmx.com\/nota\/wp-content\/uploads\/2017\/04\/ee66609d-51c5-4995-a585-3269e04e061c-595x396.jpeg\" alt=\"\" width=\"595\" height=\"396\" class=\"alignnone size-medium wp-image-33948\" srcset=\"https:\/\/radiowebmx.com\/nota\/wp-content\/uploads\/2017\/04\/ee66609d-51c5-4995-a585-3269e04e061c-595x396.jpeg 595w, https:\/\/radiowebmx.com\/nota\/wp-content\/uploads\/2017\/04\/ee66609d-51c5-4995-a585-3269e04e061c.jpeg 709w\" sizes=\"auto, (max-width: 595px) 100vw, 595px\" \/><\/a><br \/>\nMorelia, Michoac\u00e1n, a 11 de abril de 2017.-Para lograr la tranquilidad en Arantepacua y pacificar la regi\u00f3n, es necesario que personas y organizaciones ajenas a la comunidad saquen sus manos y desistan del prop\u00f3sito de alentar el conflicto, destac\u00f3 Adri\u00e1n L\u00f3pez Sol\u00eds, secretario de Gobierno del Estado.<\/p>\n<p>Ante la determinaci\u00f3n de grupos ajenos de bloquear puntos carreteros en la entidad para este mi\u00e9rcoles 12 de abril, L\u00f3pez Sol\u00eds se\u00f1al\u00f3 que \u201cel ala radical de una organizaci\u00f3n magisterial y personas dedicadas a la industria del conflicto se re\u00fanen en Arantepacua, donde toman decisiones para ejercer medidas de corte extra legal que s\u00f3lo favorecen a su causa pero dejan de lado el inter\u00e9s genuino de la comunidad de buscar la estabilidad y tranquilidad de la zona\u201d.<\/p>\n<p>El titular de la pol\u00edtica interior en la entidad reiter\u00f3 el llamado del Gobierno del Estado a la poblaci\u00f3n de las comunidades donde los radicales pretenden establecer bloqueos (Caltzontzin, Pich\u00e1taro, Angahuan, San Juan Tumbio y Zit\u00e1cuaro) para que act\u00faen con prudencia y a\u00edslen a quienes tienen el inter\u00e9s de mantener a la regi\u00f3n en una situaci\u00f3n de permanente tensi\u00f3n y zozobra.<\/p>\n<p>Asimismo, L\u00f3pez Sol\u00eds llam\u00f3 a los grupos de intereses ajenos a las comunidades para que se abstengan de provocar inestabilidad en perjuicio de la sociedad michoacana en general y de los habitantes de las zonas ind\u00edgenas en particular. Y reiter\u00f3 que la Secretar\u00eda de Gobierno ha mantenido abiertas las l\u00edneas de comunicaci\u00f3n para la b\u00fasqueda de entendimientos dentro del marco de lo que la ley autoriza y optar por la prevalencia de la ruta del di\u00e1logo.<\/p>\n","protected":false},"excerpt":{"rendered":"<p>Morelia, Michoac\u00e1n, a 11 de abril de 2017.-Para lograr la tranquilidad en Arantepacua y pacificar la regi\u00f3n, es necesario que personas y organizaciones ajenas a la comunidad saquen sus manos y desistan del prop\u00f3sito de alentar el conflicto, destac\u00f3 Adri\u00e1n L\u00f3pez Sol\u00eds, secretario de Gobierno del Estado. Ante la determinaci\u00f3n de grupos ajenos de bloquear [&hellip;]<\/p>\n","protected":false},"author":2,"featured_media":33948,"comment_status":"closed","ping_status":"closed","sticky":false,"template":"","format":"standard","meta":{"footnotes":""},"categories":[14,3],"tags":[],"class_list":["post-33947","post","type-post","status-publish","format-standard","has-post-thumbnail","hentry","category-destacadas","category-gobierno-del-estado-de-michoacan"],"_links":{"self":[{"href":"https:\/\/radiowebmx.com\/nota\/wp-json\/wp\/v2\/posts\/33947","targetHints":{"allow":["GET"]}}],"collection":[{"href":"https:\/\/radiowebmx.com\/nota\/wp-json\/wp\/v2\/posts"}],"about":[{"href":"https:\/\/radiowebmx.com\/nota\/wp-json\/wp\/v2\/types\/post"}],"author":[{"embeddable":true,"href":"https:\/\/radiowebmx.com\/nota\/wp-json\/wp\/v2\/users\/2"}],"replies":[{"embeddable":true,"href":"https:\/\/radiowebmx.com\/nota\/wp-json\/wp\/v2\/comments?post=33947"}],"version-history":[{"count":1,"href":"https:\/\/radiowebmx.com\/nota\/wp-json\/wp\/v2\/posts\/33947\/revisions"}],"predecessor-version":[{"id":33949,"href":"https:\/\/radiowebmx.com\/nota\/wp-json\/wp\/v2\/posts\/33947\/revisions\/33949"}],"wp:featuredmedia":[{"embeddable":true,"href":"https:\/\/radiowebmx.com\/nota\/wp-json\/wp\/v2\/media\/33948"}],"wp:attachment":[{"href":"https:\/\/radiowebmx.com\/nota\/wp-json\/wp\/v2\/media?parent=33947"}],"wp:term":[{"taxonomy":"category","embeddable":true,"href":"https:\/\/radiowebmx.com\/nota\/wp-json\/wp\/v2\/categories?post=33947"},{"taxonomy":"post_tag","embeddable":true,"href":"https:\/\/radiowebmx.com\/nota\/wp-json\/wp\/v2\/tags?post=33947"}],"curies":[{"name":"wp","href":"https:\/\/api.w.org\/{rel}","templated":true}]}}