{"id":33936,"date":"2017-04-11T18:07:51","date_gmt":"2017-04-11T23:07:51","guid":{"rendered":"https:\/\/radiowebmx.com\/nota\/?p=33936"},"modified":"2017-04-12T10:09:29","modified_gmt":"2017-04-12T15:09:29","slug":"anuncia-ayuntamiento-de-morelia-operativo-vial-por-procesion-del-silencio","status":"publish","type":"post","link":"https:\/\/radiowebmx.com\/nota\/anuncia-ayuntamiento-de-morelia-operativo-vial-por-procesion-del-silencio\/","title":{"rendered":"Anuncia Ayuntamiento de Morelia operativo vial por Procesi\u00f3n del Silencio"},"content":{"rendered":"<p><a href=\"https:\/\/radiowebmx.com\/nota\/wp-content\/uploads\/2017\/04\/04738238-10cd-4007-a1f2-d48bcf0271ed.jpg\"><img loading=\"lazy\" decoding=\"async\" src=\"https:\/\/radiowebmx.com\/nota\/wp-content\/uploads\/2017\/04\/04738238-10cd-4007-a1f2-d48bcf0271ed-595x937.jpg\" alt=\"\" width=\"595\" height=\"937\" class=\"alignnone size-medium wp-image-33937\" srcset=\"https:\/\/radiowebmx.com\/nota\/wp-content\/uploads\/2017\/04\/04738238-10cd-4007-a1f2-d48bcf0271ed-595x937.jpg 595w, https:\/\/radiowebmx.com\/nota\/wp-content\/uploads\/2017\/04\/04738238-10cd-4007-a1f2-d48bcf0271ed.jpg 709w\" sizes=\"auto, (max-width: 595px) 100vw, 595px\" \/><\/a><\/p>\n<p>El Ayuntamiento, a trav\u00e9s de la Polic\u00eda de Morelia, invita a la ciudadan\u00eda a tomar medidas de precauci\u00f3n por los cierres al tr\u00e1nsito vehicular que se efectuar\u00e1n el viernes 14 de abril, con motivo de la tradicional Procesi\u00f3n del Silencio.<\/p>\n<p>El Comisario Municipal, Felipe Gonz\u00e1lez Carmona, detall\u00f3 que como parte de esta celebraci\u00f3n de Semana Santa, se implementar\u00e1n operativos viales as\u00ed como cortes de circulaci\u00f3n, con el objetivo de agilizar la vialidad, evitar conflictos y resguardar la seguridad integral de peatones, conductores y pasajeros.<\/p>\n<p>Indic\u00f3 que estas acciones se llevar\u00e1n a cabo en coordinaci\u00f3n con los responsables de las diversas instituciones y corporaciones participantes de los tres \u00f3rdenes de Gobierno, garantizando que estos eventos se desarrollen en un marco de tranquilidad y sana convivencia.<\/p>\n<p>Gonz\u00e1lez Carmona, a\u00f1adi\u00f3 que para tales fines, la corporaci\u00f3n de seguridad municipal contar\u00e1 con 200 elementos para resguardar la zona del Centro Hist\u00f3rico el d\u00eda de la Procesi\u00f3n, en tanto que estar\u00e1n al pendiente para brindar apoyo a los servicios de emergencia.<\/p>\n<p>De esta manera, inform\u00f3 que durante el trayecto del contingente se tiene programada la parada en los siguientes puntos para orar: el Templo de las Monjas, Catedral, el Templo de la Merced, de San Francisco y Nuestra Se\u00f1ora de la Soledad; espacios en los que tambi\u00e9n habr\u00e1 presencia policiaca.<\/p>\n<p>Puntualiz\u00f3 que para tales fines, se cerrar\u00e1n las v\u00edas de acceso de la siguiente manera: sobre Avenida Acueducto a la altura de la calle Carpinteros de Paracho; en la Calzada Madero en sus cruces con Plan de Ayala, 20 de Noviembre, Bucareli y Revillagigedo con direcci\u00f3n a las tarascas; en la calle de Luis Moya en su cruce con 20 de Noviembre hacia el sur, as\u00ed como en Aquiles Serd\u00e1n en sus cruces con Revoluci\u00f3n, Dr. Miguel Silva, Belisario Dom\u00ednguez, Morelos Norte, hacia la Avenida Madero.<\/p>\n<p>De igual manera, a\u00f1adi\u00f3 que habr\u00e1 cortes en la circulaci\u00f3n de la calle de Ocampo en su cruce con Ignacio Zaragoza en direcci\u00f3n hacia la Madero y en su cruce con Guillermo Prieto en direcci\u00f3n hacia Nigromante; Santiago Tapia en sus cruces con Nigromante, Le\u00f3n Guzm\u00e1n y Lerdo de Tejada con direcci\u00f3n hacia la Madero.<\/p>\n<p>Asimismo, estar\u00e1 cerrado en la Avenida Madero en sus cruces con Nicol\u00e1s Bravo, Cuautla, Francisco Zarco y Michelena con direcci\u00f3n hacia el oriente; en la calle de Allende en sus cruces con Cuautla y  Nicol\u00e1s Bravo con direcci\u00f3n hacia el oriente; en Corregidora en sus cruces con Ray\u00f3n, Abasolo, con direcci\u00f3n a la Av. Madero.<\/p>\n<p>Tambi\u00e9n habr\u00e1 cortes en Virrey de Mendoza en sus cruces con L\u00e1zaro C\u00e1rdenas y Ortega y Monta\u00f1ez  con direcci\u00f3n hacia el norte; Vasco de Quiroga  en su cruce con L\u00e1zaro C\u00e1rdenas; Andr\u00e9s del R\u00edo en su cruce con L\u00e1zaro C\u00e1rdenas con direcci\u00f3n hacia el norte; en la calle de  Ortega y Monta\u00f1ez, en su cruce con Juan Jos\u00e9 de Lejarza con direcci\u00f3n hacia el poniente; en Juan Jos\u00e9 de Lejarza en sus cruces con Antonio Alzate y Fray Antonio Margil con direcci\u00f3n hacia el poniente, as\u00ed como en Bartolom\u00e9 de las Casas en sus cruces con S\u00e1nchez de Tagle, Isidro Huarte con direcci\u00f3n hacia la Av. Madero.<\/p>\n<p>Cabe mencionar, que los conductores ser\u00e1n dirigidos por Acueducto esquina con Ventura Puente, Acueducto esquina Francisco M\u00e1rquez, Plan de Ayala esquina con Tata vasco, Av. Madero poniente esquina la Huerta, Mariano Michelena esquina con Madero poniente.<\/p>\n<p>Es de se\u00f1alar que adem\u00e1s la Polic\u00eda de Morelia mantendr\u00e1 luces de emergencia activadas para mayor seguridad de los veh\u00edculos u transe\u00fantes y se contar\u00e1 con equipos de reacci\u00f3n inmediata a bordo de motocicletas en constante recorrido en la periferia del Centro Hist\u00f3rico.<\/p>\n","protected":false},"excerpt":{"rendered":"<p>El Ayuntamiento, a trav\u00e9s de la Polic\u00eda de Morelia, invita a la ciudadan\u00eda a tomar medidas de precauci\u00f3n por los cierres al tr\u00e1nsito vehicular que se efectuar\u00e1n el viernes 14 de abril, con motivo de la tradicional Procesi\u00f3n del Silencio. El Comisario Municipal, Felipe Gonz\u00e1lez Carmona, detall\u00f3 que como parte de esta celebraci\u00f3n de Semana [&hellip;]<\/p>\n","protected":false},"author":2,"featured_media":0,"comment_status":"closed","ping_status":"closed","sticky":false,"template":"","format":"standard","meta":{"footnotes":""},"categories":[9],"tags":[],"class_list":["post-33936","post","type-post","status-publish","format-standard","hentry","category-morelia"],"_links":{"self":[{"href":"https:\/\/radiowebmx.com\/nota\/wp-json\/wp\/v2\/posts\/33936","targetHints":{"allow":["GET"]}}],"collection":[{"href":"https:\/\/radiowebmx.com\/nota\/wp-json\/wp\/v2\/posts"}],"about":[{"href":"https:\/\/radiowebmx.com\/nota\/wp-json\/wp\/v2\/types\/post"}],"author":[{"embeddable":true,"href":"https:\/\/radiowebmx.com\/nota\/wp-json\/wp\/v2\/users\/2"}],"replies":[{"embeddable":true,"href":"https:\/\/radiowebmx.com\/nota\/wp-json\/wp\/v2\/comments?post=33936"}],"version-history":[{"count":2,"href":"https:\/\/radiowebmx.com\/nota\/wp-json\/wp\/v2\/posts\/33936\/revisions"}],"predecessor-version":[{"id":33939,"href":"https:\/\/radiowebmx.com\/nota\/wp-json\/wp\/v2\/posts\/33936\/revisions\/33939"}],"wp:attachment":[{"href":"https:\/\/radiowebmx.com\/nota\/wp-json\/wp\/v2\/media?parent=33936"}],"wp:term":[{"taxonomy":"category","embeddable":true,"href":"https:\/\/radiowebmx.com\/nota\/wp-json\/wp\/v2\/categories?post=33936"},{"taxonomy":"post_tag","embeddable":true,"href":"https:\/\/radiowebmx.com\/nota\/wp-json\/wp\/v2\/tags?post=33936"}],"curies":[{"name":"wp","href":"https:\/\/api.w.org\/{rel}","templated":true}]}}