{"id":33930,"date":"2017-04-11T16:21:11","date_gmt":"2017-04-11T21:21:11","guid":{"rendered":"https:\/\/radiowebmx.com\/nota\/?p=33930"},"modified":"2017-04-12T10:06:13","modified_gmt":"2017-04-12T15:06:13","slug":"suma-proam-34-vehiculos-evaluados-ostensiblemente-contaminantes","status":"publish","type":"post","link":"https:\/\/radiowebmx.com\/nota\/suma-proam-34-vehiculos-evaluados-ostensiblemente-contaminantes\/","title":{"rendered":"Suma ProAm 34 veh\u00edculos evaluados ostensiblemente contaminantes"},"content":{"rendered":"<p><a href=\"https:\/\/radiowebmx.com\/nota\/wp-content\/uploads\/2017\/04\/57627607-5115-47b9-9895-92373368fcd4.jpg\"><img loading=\"lazy\" decoding=\"async\" src=\"https:\/\/radiowebmx.com\/nota\/wp-content\/uploads\/2017\/04\/57627607-5115-47b9-9895-92373368fcd4-595x446.jpg\" alt=\"\" width=\"595\" height=\"446\" class=\"alignnone size-medium wp-image-33931\" srcset=\"https:\/\/radiowebmx.com\/nota\/wp-content\/uploads\/2017\/04\/57627607-5115-47b9-9895-92373368fcd4-595x446.jpg 595w, https:\/\/radiowebmx.com\/nota\/wp-content\/uploads\/2017\/04\/57627607-5115-47b9-9895-92373368fcd4.jpg 709w\" sizes=\"auto, (max-width: 595px) 100vw, 595px\" \/><\/a><br \/>\nMorelia, Michoac\u00e1n, a 11 de abril de 2017.- Un total de 34 veh\u00edculos han sido monitoreados por la Procuradur\u00eda de Protecci\u00f3n al Ambiente (ProAm) de Michoac\u00e1n, a trav\u00e9s de seis operativos del programa de Veh\u00edculos Ostensiblemente Contaminante 2017, durante las tres semanas que lleva en funcionamiento.<\/p>\n<p>El titular de la dependencia, Juan Carlos Vega Sol\u00f3rzano, detall\u00f3 que se han retenido 24 tarjetas de circulaci\u00f3n y 10 placas, entre ellas cuatro del servicio de transporte p\u00fablico y el resto de particulares; adem\u00e1s de que cuatro veh\u00edculos han sido remitidos al corral\u00f3n por los oficiales de Tr\u00e1nsito Municipal, dos de \u00e9stos pertenecientes a la ruta Alberca.<\/p>\n<p>Vega Sol\u00f3rzano enfatiz\u00f3 que los operativos continuar\u00e1n aplic\u00e1ndose, sin distingo, a unidades del transporte p\u00fablico, servicio comercial, particular e incluso a veh\u00edculos del gobierno del estado y del municipio que no cumplan con los par\u00e1metros establecidos por la NOM-041-Semarnat-2015, los cuales var\u00edan dependiendo del modelo del veh\u00edculo.<\/p>\n<p>Asimismo coment\u00f3 que el 70 por ciento de la contaminaci\u00f3n atmosf\u00e9rica es generada por fuentes m\u00f3viles y el 30 por ciento restante por fuentes fijas, correspondientes a la industria asentada en el estado.<\/p>\n<p>Por ello, el Procurador de Protecci\u00f3n al Ambiente exhort\u00f3 a la ciudadan\u00eda a mantener su veh\u00edculo en buenas condiciones, en favor de nuestro medio ambiente.<\/p>\n<p>Agreg\u00f3 que una de las bondades del programa es que una vez que el veh\u00edculo no ha aprobado la evaluaci\u00f3n, se le da al responsable un periodo de 25 d\u00edas h\u00e1biles para que repare y verifique su automotor sin ning\u00fan tipo de sanci\u00f3n, por lo que esta acci\u00f3n se realiza sin \u00e1nimo de lucro.<\/p>\n<p>Los operativos continuar\u00e1n realiz\u00e1ndose de forma aleatoria y sorpresiva en la capital michoacana para captar veh\u00edculos ostensiblemente contaminantes, a trav\u00e9s de patrullas ecol\u00f3gicas que permiten realizar la evaluaci\u00f3n de manera transparente, moderna y confiable, toda vez que los inspectores no pueden alterar el resultado.<\/p>\n<p>En esta acci\u00f3n transversal del Gobierno de Estado de Michoac\u00e1n colaboran otras dependencias como las secretar\u00edas de Medio Ambiente, Recursos Naturales y Cambio Clim\u00e1tico y de Seguridad P\u00fablica, as\u00ed como la Comisi\u00f3n Coordinadora del Transporte P\u00fablico. <\/p>\n","protected":false},"excerpt":{"rendered":"<p>Morelia, Michoac\u00e1n, a 11 de abril de 2017.- Un total de 34 veh\u00edculos han sido monitoreados por la Procuradur\u00eda de Protecci\u00f3n al Ambiente (ProAm) de Michoac\u00e1n, a trav\u00e9s de seis operativos del programa de Veh\u00edculos Ostensiblemente Contaminante 2017, durante las tres semanas que lleva en funcionamiento. El titular de la dependencia, Juan Carlos Vega Sol\u00f3rzano, [&hellip;]<\/p>\n","protected":false},"author":2,"featured_media":33931,"comment_status":"closed","ping_status":"closed","sticky":false,"template":"","format":"standard","meta":{"footnotes":""},"categories":[14,3],"tags":[],"class_list":["post-33930","post","type-post","status-publish","format-standard","has-post-thumbnail","hentry","category-destacadas","category-gobierno-del-estado-de-michoacan"],"_links":{"self":[{"href":"https:\/\/radiowebmx.com\/nota\/wp-json\/wp\/v2\/posts\/33930","targetHints":{"allow":["GET"]}}],"collection":[{"href":"https:\/\/radiowebmx.com\/nota\/wp-json\/wp\/v2\/posts"}],"about":[{"href":"https:\/\/radiowebmx.com\/nota\/wp-json\/wp\/v2\/types\/post"}],"author":[{"embeddable":true,"href":"https:\/\/radiowebmx.com\/nota\/wp-json\/wp\/v2\/users\/2"}],"replies":[{"embeddable":true,"href":"https:\/\/radiowebmx.com\/nota\/wp-json\/wp\/v2\/comments?post=33930"}],"version-history":[{"count":1,"href":"https:\/\/radiowebmx.com\/nota\/wp-json\/wp\/v2\/posts\/33930\/revisions"}],"predecessor-version":[{"id":33932,"href":"https:\/\/radiowebmx.com\/nota\/wp-json\/wp\/v2\/posts\/33930\/revisions\/33932"}],"wp:featuredmedia":[{"embeddable":true,"href":"https:\/\/radiowebmx.com\/nota\/wp-json\/wp\/v2\/media\/33931"}],"wp:attachment":[{"href":"https:\/\/radiowebmx.com\/nota\/wp-json\/wp\/v2\/media?parent=33930"}],"wp:term":[{"taxonomy":"category","embeddable":true,"href":"https:\/\/radiowebmx.com\/nota\/wp-json\/wp\/v2\/categories?post=33930"},{"taxonomy":"post_tag","embeddable":true,"href":"https:\/\/radiowebmx.com\/nota\/wp-json\/wp\/v2\/tags?post=33930"}],"curies":[{"name":"wp","href":"https:\/\/api.w.org\/{rel}","templated":true}]}}