{"id":33926,"date":"2017-04-11T16:20:42","date_gmt":"2017-04-11T21:20:42","guid":{"rendered":"https:\/\/radiowebmx.com\/nota\/?p=33926"},"modified":"2017-04-12T10:05:02","modified_gmt":"2017-04-12T15:05:02","slug":"en-el-zoo-de-morelia-la-exposicion-fotografica-los-soberanos-del-mar","status":"publish","type":"post","link":"https:\/\/radiowebmx.com\/nota\/en-el-zoo-de-morelia-la-exposicion-fotografica-los-soberanos-del-mar\/","title":{"rendered":"En el Zoo de Morelia, la exposici\u00f3n fotogr\u00e1fica \u201cLos Soberanos del Mar\u201d"},"content":{"rendered":"<p><a href=\"https:\/\/radiowebmx.com\/nota\/wp-content\/uploads\/2017\/04\/fdbd7788-2326-4e70-afe6-5a285951a136.jpg\"><img loading=\"lazy\" decoding=\"async\" src=\"https:\/\/radiowebmx.com\/nota\/wp-content\/uploads\/2017\/04\/fdbd7788-2326-4e70-afe6-5a285951a136-595x396.jpg\" alt=\"\" width=\"595\" height=\"396\" class=\"alignnone size-medium wp-image-33927\" srcset=\"https:\/\/radiowebmx.com\/nota\/wp-content\/uploads\/2017\/04\/fdbd7788-2326-4e70-afe6-5a285951a136-595x396.jpg 595w, https:\/\/radiowebmx.com\/nota\/wp-content\/uploads\/2017\/04\/fdbd7788-2326-4e70-afe6-5a285951a136.jpg 709w\" sizes=\"auto, (max-width: 595px) 100vw, 595px\" \/><\/a><br \/>\nMorelia, Michoac\u00e1n, a 11 de abril de 2017.-  Este martes fue inaugurada en el Parque Zool\u00f3gico \u201cBenito Ju\u00e1rez\u201d la exposici\u00f3n fotogr\u00e1fica \u201cLos Soberanos del Mar\u201d, que se suma a los atractivos del recinto faun\u00edstico para este periodo vacacional de Semana Santa.<\/p>\n<p>La muestra de fotograf\u00edas in\u00e9ditas sobre especies marinas \u2013que estar\u00e1 abierta al p\u00fablico hasta el viernes pr\u00f3ximo-, es posible gracias al esfuerzo conjunto de la Asociaci\u00f3n Mexicana de Peces Cartilaginosos (Somepec) y el Parque Zool\u00f3gico \u201cBenito Ju\u00e1rez\u201d, cuyo director general, Josu\u00e9 Rangel D\u00edaz, destac\u00f3 que se prev\u00e9 que alrededor de 75 mil personas visiten el recinto faun\u00edstico durante esta temporada vacacional.<\/p>\n<p>Al corte del list\u00f3n inaugural de la exposici\u00f3n tambi\u00e9n asistieron el subsecretario de Medio Ambiente de la Secretar\u00eda de Medio Ambiente, Recursos Naturales y Cambio Clim\u00e1tico, Iv\u00e1n Madero Naranjo; la presidenta de la Somepec, Claudia Gabriela Aguilar; y el director de Medio Ambiente de Morelia, Marco Tulio Campos Vargas.<\/p>\n","protected":false},"excerpt":{"rendered":"<p>Morelia, Michoac\u00e1n, a 11 de abril de 2017.- Este martes fue inaugurada en el Parque Zool\u00f3gico \u201cBenito Ju\u00e1rez\u201d la exposici\u00f3n fotogr\u00e1fica \u201cLos Soberanos del Mar\u201d, que se suma a los atractivos del recinto faun\u00edstico para este periodo vacacional de Semana Santa. La muestra de fotograf\u00edas in\u00e9ditas sobre especies marinas \u2013que estar\u00e1 abierta al p\u00fablico hasta [&hellip;]<\/p>\n","protected":false},"author":2,"featured_media":33927,"comment_status":"closed","ping_status":"closed","sticky":false,"template":"","format":"standard","meta":{"footnotes":""},"categories":[14,3],"tags":[],"class_list":["post-33926","post","type-post","status-publish","format-standard","has-post-thumbnail","hentry","category-destacadas","category-gobierno-del-estado-de-michoacan"],"_links":{"self":[{"href":"https:\/\/radiowebmx.com\/nota\/wp-json\/wp\/v2\/posts\/33926","targetHints":{"allow":["GET"]}}],"collection":[{"href":"https:\/\/radiowebmx.com\/nota\/wp-json\/wp\/v2\/posts"}],"about":[{"href":"https:\/\/radiowebmx.com\/nota\/wp-json\/wp\/v2\/types\/post"}],"author":[{"embeddable":true,"href":"https:\/\/radiowebmx.com\/nota\/wp-json\/wp\/v2\/users\/2"}],"replies":[{"embeddable":true,"href":"https:\/\/radiowebmx.com\/nota\/wp-json\/wp\/v2\/comments?post=33926"}],"version-history":[{"count":2,"href":"https:\/\/radiowebmx.com\/nota\/wp-json\/wp\/v2\/posts\/33926\/revisions"}],"predecessor-version":[{"id":33929,"href":"https:\/\/radiowebmx.com\/nota\/wp-json\/wp\/v2\/posts\/33926\/revisions\/33929"}],"wp:featuredmedia":[{"embeddable":true,"href":"https:\/\/radiowebmx.com\/nota\/wp-json\/wp\/v2\/media\/33927"}],"wp:attachment":[{"href":"https:\/\/radiowebmx.com\/nota\/wp-json\/wp\/v2\/media?parent=33926"}],"wp:term":[{"taxonomy":"category","embeddable":true,"href":"https:\/\/radiowebmx.com\/nota\/wp-json\/wp\/v2\/categories?post=33926"},{"taxonomy":"post_tag","embeddable":true,"href":"https:\/\/radiowebmx.com\/nota\/wp-json\/wp\/v2\/tags?post=33926"}],"curies":[{"name":"wp","href":"https:\/\/api.w.org\/{rel}","templated":true}]}}