{"id":33923,"date":"2017-04-11T16:02:03","date_gmt":"2017-04-11T21:02:03","guid":{"rendered":"https:\/\/radiowebmx.com\/nota\/?p=33923"},"modified":"2017-04-12T10:03:36","modified_gmt":"2017-04-12T15:03:36","slug":"encabeza-titular-del-icatmi-ceremonia-civica-en-tacambaro","status":"publish","type":"post","link":"https:\/\/radiowebmx.com\/nota\/encabeza-titular-del-icatmi-ceremonia-civica-en-tacambaro\/","title":{"rendered":"Encabeza titular del Icatmi ceremonia c\u00edvica en Tac\u00e1mbaro"},"content":{"rendered":"<p><a href=\"https:\/\/radiowebmx.com\/nota\/wp-content\/uploads\/2017\/04\/c2016bf1-5053-4e76-8853-54d734d7eb04.jpg\"><img loading=\"lazy\" decoding=\"async\" src=\"https:\/\/radiowebmx.com\/nota\/wp-content\/uploads\/2017\/04\/c2016bf1-5053-4e76-8853-54d734d7eb04-595x334.jpg\" alt=\"\" width=\"595\" height=\"334\" class=\"alignnone size-medium wp-image-33924\" srcset=\"https:\/\/radiowebmx.com\/nota\/wp-content\/uploads\/2017\/04\/c2016bf1-5053-4e76-8853-54d734d7eb04-595x334.jpg 595w, https:\/\/radiowebmx.com\/nota\/wp-content\/uploads\/2017\/04\/c2016bf1-5053-4e76-8853-54d734d7eb04-284x158.jpg 284w, https:\/\/radiowebmx.com\/nota\/wp-content\/uploads\/2017\/04\/c2016bf1-5053-4e76-8853-54d734d7eb04-642x362.jpg 642w, https:\/\/radiowebmx.com\/nota\/wp-content\/uploads\/2017\/04\/c2016bf1-5053-4e76-8853-54d734d7eb04-128x72.jpg 128w, https:\/\/radiowebmx.com\/nota\/wp-content\/uploads\/2017\/04\/c2016bf1-5053-4e76-8853-54d734d7eb04.jpg 709w\" sizes=\"auto, (max-width: 595px) 100vw, 595px\" \/><\/a><\/p>\n<p>Tac\u00e1mbaro, Michoac\u00e1n, a 11 de abril de 2017.- Con la representaci\u00f3n del Gobernador Silvano Aureoles Conejo, el director general del Instituto de Capacitaci\u00f3n del Estado de Michoac\u00e1n (Icatmi) y enlace del Gobierno estatal para los trabajos del Consejo Ciudadano para el Desarrollo Integral del municipio de Tac\u00e1mbaro, Israel Tentory Garc\u00eda, encabez\u00f3 el acto conmemorativo por el CLII Aniversario de la Gesta Heroica del General Nicol\u00e1s de R\u00e9gules contra la invasi\u00f3n francesa y belga.<\/p>\n<p>En la explanada de la plaza principal del Pueblo M\u00e1gico y acompa\u00f1ado del presidente municipal Mauricio Acosta Almanza, el funcionario estatal hizo un llamado a honrar la memoria y a preservar el legado de los pr\u00f3ceres de la patria, como Nicol\u00e1s de R\u00e9gules.<\/p>\n","protected":false},"excerpt":{"rendered":"<p>Tac\u00e1mbaro, Michoac\u00e1n, a 11 de abril de 2017.- Con la representaci\u00f3n del Gobernador Silvano Aureoles Conejo, el director general del Instituto de Capacitaci\u00f3n del Estado de Michoac\u00e1n (Icatmi) y enlace del Gobierno estatal para los trabajos del Consejo Ciudadano para el Desarrollo Integral del municipio de Tac\u00e1mbaro, Israel Tentory Garc\u00eda, encabez\u00f3 el acto conmemorativo por [&hellip;]<\/p>\n","protected":false},"author":2,"featured_media":33924,"comment_status":"closed","ping_status":"closed","sticky":false,"template":"","format":"standard","meta":{"footnotes":""},"categories":[14,3],"tags":[],"class_list":["post-33923","post","type-post","status-publish","format-standard","has-post-thumbnail","hentry","category-destacadas","category-gobierno-del-estado-de-michoacan"],"_links":{"self":[{"href":"https:\/\/radiowebmx.com\/nota\/wp-json\/wp\/v2\/posts\/33923","targetHints":{"allow":["GET"]}}],"collection":[{"href":"https:\/\/radiowebmx.com\/nota\/wp-json\/wp\/v2\/posts"}],"about":[{"href":"https:\/\/radiowebmx.com\/nota\/wp-json\/wp\/v2\/types\/post"}],"author":[{"embeddable":true,"href":"https:\/\/radiowebmx.com\/nota\/wp-json\/wp\/v2\/users\/2"}],"replies":[{"embeddable":true,"href":"https:\/\/radiowebmx.com\/nota\/wp-json\/wp\/v2\/comments?post=33923"}],"version-history":[{"count":1,"href":"https:\/\/radiowebmx.com\/nota\/wp-json\/wp\/v2\/posts\/33923\/revisions"}],"predecessor-version":[{"id":33925,"href":"https:\/\/radiowebmx.com\/nota\/wp-json\/wp\/v2\/posts\/33923\/revisions\/33925"}],"wp:featuredmedia":[{"embeddable":true,"href":"https:\/\/radiowebmx.com\/nota\/wp-json\/wp\/v2\/media\/33924"}],"wp:attachment":[{"href":"https:\/\/radiowebmx.com\/nota\/wp-json\/wp\/v2\/media?parent=33923"}],"wp:term":[{"taxonomy":"category","embeddable":true,"href":"https:\/\/radiowebmx.com\/nota\/wp-json\/wp\/v2\/categories?post=33923"},{"taxonomy":"post_tag","embeddable":true,"href":"https:\/\/radiowebmx.com\/nota\/wp-json\/wp\/v2\/tags?post=33923"}],"curies":[{"name":"wp","href":"https:\/\/api.w.org\/{rel}","templated":true}]}}