{"id":33913,"date":"2017-04-11T14:40:05","date_gmt":"2017-04-11T19:40:05","guid":{"rendered":"https:\/\/radiowebmx.com\/nota\/?p=33913"},"modified":"2017-04-11T14:40:05","modified_gmt":"2017-04-11T19:40:05","slug":"el-archivo-historico-de-michoacan-se-suma-al-proyecto-buzones-de-libros-del-ceconexpo","status":"publish","type":"post","link":"https:\/\/radiowebmx.com\/nota\/el-archivo-historico-de-michoacan-se-suma-al-proyecto-buzones-de-libros-del-ceconexpo\/","title":{"rendered":"El Archivo Hist\u00f3rico de Michoac\u00e1n se suma al proyecto &#8220;Buzones de Libros&#8221; del Ceconexpo"},"content":{"rendered":"<p><a href=\"https:\/\/radiowebmx.com\/nota\/wp-content\/uploads\/2017\/04\/ddd47ba1-8d80-4cad-b7d0-2834a08c6623.jpg\"><img loading=\"lazy\" decoding=\"async\" src=\"https:\/\/radiowebmx.com\/nota\/wp-content\/uploads\/2017\/04\/ddd47ba1-8d80-4cad-b7d0-2834a08c6623-595x446.jpg\" alt=\"\" width=\"595\" height=\"446\" class=\"alignnone size-medium wp-image-33914\" srcset=\"https:\/\/radiowebmx.com\/nota\/wp-content\/uploads\/2017\/04\/ddd47ba1-8d80-4cad-b7d0-2834a08c6623-595x446.jpg 595w, https:\/\/radiowebmx.com\/nota\/wp-content\/uploads\/2017\/04\/ddd47ba1-8d80-4cad-b7d0-2834a08c6623.jpg 709w\" sizes=\"auto, (max-width: 595px) 100vw, 595px\" \/><\/a><br \/>\nMorelia, Michoac\u00e1n, a 11 de abril de 2017.- Con el objetivo de fomentar el intercambio de libros entre los visitantes a sus instalaciones, el  Centro de Convenciones y Exposiciones (Ceconexpo) de Morelia, en coordinaci\u00f3n con el Archivo Hist\u00f3rico del Poder Ejecutivo del Gobierno del Estado de Michoac\u00e1n, firmaron un acuerdo  de colaboraci\u00f3n mediante el cual la dependencia encargada de los documentos hist\u00f3ricos de la entidad dotar\u00e1 de libros que relatan la historia de municipios y personajes emblem\u00e1ticos del estado, mismos que estar\u00e1n disponibles en los dos \u201cBuzones de libros\u201d instalados en los troncos secos del Ceconexpo.<\/p>\n<p>El director general del Ceconexpo, Oscar Celis Silva, agradeci\u00f3 la colaboraci\u00f3n del titular del Archivo Hist\u00f3rico del Gobierno de Michoac\u00e1n, Ulises Romero Hern\u00e1ndez, y destac\u00f3 la importancia de fomentar la lectura y de conocer los personajes hist\u00f3ricos de la entidad.<\/p>\n<p>Por su parte, Romero Hern\u00e1ndez agradeci\u00f3 la invitaci\u00f3n del Ceconexpo para colaborar en el proyecto de los \u201cBuzones de Libros\u201d y anticip\u00f3 que les solicitar\u00e1 a los cronistas del estado que se sumen a esta causa.<\/p>\n<p>Por \u00faltimo, invit\u00f3 a donar libros en las oficinas de la Direcci\u00f3n General del Ceconexpo con la finalidad de que la dependencia tenga un registro formal de las donaciones.<\/p>\n<p>El pasado 17 de marzo el Ceconexpo instal\u00f3 en dos troncos secos de sus jardines sendos \u201cBuzones de Libros\u201d, en los que las y los asistentes pueden tomar un libro, leerlo libremente en las instalaciones o llev\u00e1rselo a su casa, y posteriormente regresarlo, una vez que terminen de leerlo. Adem\u00e1s, pueden dejar libros para compartir sus lecturas con otros visitantes.<\/p>\n","protected":false},"excerpt":{"rendered":"<p>Morelia, Michoac\u00e1n, a 11 de abril de 2017.- Con el objetivo de fomentar el intercambio de libros entre los visitantes a sus instalaciones, el Centro de Convenciones y Exposiciones (Ceconexpo) de Morelia, en coordinaci\u00f3n con el Archivo Hist\u00f3rico del Poder Ejecutivo del Gobierno del Estado de Michoac\u00e1n, firmaron un acuerdo de colaboraci\u00f3n mediante el cual [&hellip;]<\/p>\n","protected":false},"author":2,"featured_media":33914,"comment_status":"closed","ping_status":"closed","sticky":false,"template":"","format":"standard","meta":{"footnotes":""},"categories":[14,3],"tags":[],"class_list":["post-33913","post","type-post","status-publish","format-standard","has-post-thumbnail","hentry","category-destacadas","category-gobierno-del-estado-de-michoacan"],"_links":{"self":[{"href":"https:\/\/radiowebmx.com\/nota\/wp-json\/wp\/v2\/posts\/33913","targetHints":{"allow":["GET"]}}],"collection":[{"href":"https:\/\/radiowebmx.com\/nota\/wp-json\/wp\/v2\/posts"}],"about":[{"href":"https:\/\/radiowebmx.com\/nota\/wp-json\/wp\/v2\/types\/post"}],"author":[{"embeddable":true,"href":"https:\/\/radiowebmx.com\/nota\/wp-json\/wp\/v2\/users\/2"}],"replies":[{"embeddable":true,"href":"https:\/\/radiowebmx.com\/nota\/wp-json\/wp\/v2\/comments?post=33913"}],"version-history":[{"count":1,"href":"https:\/\/radiowebmx.com\/nota\/wp-json\/wp\/v2\/posts\/33913\/revisions"}],"predecessor-version":[{"id":33915,"href":"https:\/\/radiowebmx.com\/nota\/wp-json\/wp\/v2\/posts\/33913\/revisions\/33915"}],"wp:featuredmedia":[{"embeddable":true,"href":"https:\/\/radiowebmx.com\/nota\/wp-json\/wp\/v2\/media\/33914"}],"wp:attachment":[{"href":"https:\/\/radiowebmx.com\/nota\/wp-json\/wp\/v2\/media?parent=33913"}],"wp:term":[{"taxonomy":"category","embeddable":true,"href":"https:\/\/radiowebmx.com\/nota\/wp-json\/wp\/v2\/categories?post=33913"},{"taxonomy":"post_tag","embeddable":true,"href":"https:\/\/radiowebmx.com\/nota\/wp-json\/wp\/v2\/tags?post=33913"}],"curies":[{"name":"wp","href":"https:\/\/api.w.org\/{rel}","templated":true}]}}