{"id":33900,"date":"2017-04-11T14:14:02","date_gmt":"2017-04-11T19:14:02","guid":{"rendered":"https:\/\/radiowebmx.com\/nota\/?p=33900"},"modified":"2017-04-11T14:14:02","modified_gmt":"2017-04-11T19:14:02","slug":"dif-morelia-anuncia-festival-del-dia-del-nino-2017","status":"publish","type":"post","link":"https:\/\/radiowebmx.com\/nota\/dif-morelia-anuncia-festival-del-dia-del-nino-2017\/","title":{"rendered":"DIF Morelia anuncia Festival del D\u00eda del Ni\u00f1o 2017"},"content":{"rendered":"<p><a href=\"https:\/\/radiowebmx.com\/nota\/wp-content\/uploads\/2017\/04\/6a999fa1-3f20-43e8-8f24-3dae02bf1a66.jpeg\"><img loading=\"lazy\" decoding=\"async\" src=\"https:\/\/radiowebmx.com\/nota\/wp-content\/uploads\/2017\/04\/6a999fa1-3f20-43e8-8f24-3dae02bf1a66-595x396.jpeg\" alt=\"\" width=\"595\" height=\"396\" class=\"alignnone size-medium wp-image-33911\" srcset=\"https:\/\/radiowebmx.com\/nota\/wp-content\/uploads\/2017\/04\/6a999fa1-3f20-43e8-8f24-3dae02bf1a66-595x396.jpeg 595w, https:\/\/radiowebmx.com\/nota\/wp-content\/uploads\/2017\/04\/6a999fa1-3f20-43e8-8f24-3dae02bf1a66.jpeg 709w\" sizes=\"auto, (max-width: 595px) 100vw, 595px\" \/><\/a><br \/>\nLa Presidenta Honoraria del DIF Municipal, Paola Delgadillo de Mart\u00ednez, anunci\u00f3 este martes el programa de actividades que realizar\u00e1 el Ayuntamiento de Morelia a trav\u00e9s de la dependencia con motivo del Festival del D\u00eda del Ni\u00f1o 2017, que se celebrar\u00e1 el pr\u00f3ximo 30 de abril.<\/p>\n<p>En rueda de prensa, resalt\u00f3 que \u201cpara el DIF Morelia, la atenci\u00f3n y desarrollo integral de la ni\u00f1ez es una de las tareas fundamentales, y parte de esta tarea es brindar acceso a espacios recreativos y eventos que fomenten la integraci\u00f3n familiar y la sana convivencia, as\u00ed como ofrecer actividades abiertas en espacios p\u00fablicos\u201d.<\/p>\n<p>Puntualiz\u00f3 que para este a\u00f1o habr\u00e1 15 eventos: 14 en las 14 tenencias y uno en la cabecera municipal, que se realizara en Plaza Valladolid, para lo que se tiene una proyecci\u00f3n de 15 mil ni\u00f1os, lo que representa mil ni\u00f1os m\u00e1s de lo que se tuvo el a\u00f1o pasado.<\/p>\n<p>El festival en tenencias arrancar\u00e1 el 24 de abril en San Nicol\u00e1s Obispo (11:00 horas) y Tenencia Morelos (16:00 horas); 25 de abril Chiquimit\u00edo (11:00 horas) y Atapaneo (16:00 horas); 26 de abril, Jes\u00fas del Monte (14:00 horas) y San Miguel del Monte (16:00 horas); 27 de abril en At\u00e9cuaro (14:00 horas) y Santa Mar\u00eda (17:00 horas); 28 de abril, Santiago Undameo (11:00 horas) y Tiripet\u00edo (16:00 horas); 29 abril, Tac\u00edcuaro (11:00 horas) y Capula (14:00 horas); y concluir\u00e1 el 2 de mayo: Teremendo (10:00 horas) y Cuto (13:00 horas).<\/p>\n<p>Delgadillo de Mart\u00ednez record\u00f3 que en la organizaci\u00f3n de los festivales en Tenencias participan pr\u00e1cticamente todas las Secretar\u00edas del Ayuntamiento y algunos regidores, y a\u00f1adi\u00f3 que \u201cel a\u00f1o pasado se tuvo una extraordinaria aceptaci\u00f3n, tanto en las tenencias como en el \u00e1rea urbana del municipio\u201d.<\/p>\n<p>El evento principal se har\u00e1 en Plaza Valladolid, en punto de las 10:00 horas, para lo que se instalar\u00e1 un montaje de juegos mec\u00e1nicos e inflables gigantes; atracciones como show de payasos, rifas, pinta caritas y se entregara un obsequio a los peque\u00f1os.<\/p>\n<p>El evento ser\u00e1 completamente inclusivo, y participar\u00e1 el personal del Centro de Cultura para la Discapacidad (CCD) del DIF Morelia, quienes tienen capacitaci\u00f3n en protocolo para la discapacidad y estar\u00e1n apoyando a quienes lo requieran para que disfruten de las atracciones.<\/p>\n<p>Para ingresar a la instalaci\u00f3n se entregaran pases de entrada que servir\u00e1n tanto para el acceso, como para recibir un obsequio y participar en las rifas.<\/p>\n<p>Seguridad y cierres viales<\/p>\n<p>Al respecto, la Encargada de Despacho de la Direcci\u00f3n General del DIF Morelia, Melissa V\u00e1squez P\u00e9rez llam\u00f3 a quienes deseen acudir a tomar previsiones b\u00e1sicas, como el uso de filtro solar, gorra y tomar suficiente agua, as\u00ed como vigilar a los ni\u00f1os, pero insisti\u00f3 en que se colocaran toldos para dar sombra a los asistentes durante el evento y 150 trabajadores de la dependencia coordinaran las actividades ese d\u00eda.<\/p>\n<p>Por su parte, el Jefe del Sector Centro Hist\u00f3rico, Carlos Guzm\u00e1n Silva, explic\u00f3 que para garantizar la seguridad de las personas, la Polic\u00eda Municipal asignara alrededor de 80 elementos que participaran en el evento.<\/p>\n<p>Los cierres viales ser\u00e1n en la calle Humboldt desde Vicente Santa Mar\u00eda hasta la calle Vasco de Quiroga y se cierra tambi\u00e9n la Vasco de Quiroga y Bartolom\u00e9 de Las Casas, a la altura de la Plaza Valladolid; se cierra tambi\u00e9n Antonio Alzate y Pablo Beamout.<\/p>\n<p>El cierre de la calle Humboldt se llevaran a cabo a partir de las 0:00 horas del d\u00eda 30 para hacer la instalaci\u00f3n y las otras vialidades se cerraran a partir de las 9:00 horas y se reabrir\u00e1n conforme se vayan retirando los asistentes, que estamos anticipando.<\/p>\n<p>Se habilitaran salidas de emergencia que estar\u00e1n se\u00f1alizadas en la instalaci\u00f3n de acuerdo a los lineamientos que nos marque Protecci\u00f3n Civil; habr\u00e1 ba\u00f1os port\u00e1tiles y se tendr\u00e1 el apoyo de ambulancias, as\u00ed como de personal m\u00e9dico del DIF Morelia, que estar\u00e1 en servicio durante el evento.<\/p>\n<p>El \u00e1rea de juegos estar\u00e1 completamente envallada en toda la periferia de la Plaza, exceptuando el acceso a la Casa de las Artesan\u00edas y el templo de San Francisco, para poder tener un mayor control de quienes ingresan.<\/p>\n","protected":false},"excerpt":{"rendered":"<p>La Presidenta Honoraria del DIF Municipal, Paola Delgadillo de Mart\u00ednez, anunci\u00f3 este martes el programa de actividades que realizar\u00e1 el Ayuntamiento de Morelia a trav\u00e9s de la dependencia con motivo del Festival del D\u00eda del Ni\u00f1o 2017, que se celebrar\u00e1 el pr\u00f3ximo 30 de abril. En rueda de prensa, resalt\u00f3 que \u201cpara el DIF Morelia, [&hellip;]<\/p>\n","protected":false},"author":2,"featured_media":33911,"comment_status":"closed","ping_status":"closed","sticky":false,"template":"","format":"standard","meta":{"footnotes":""},"categories":[14,9],"tags":[],"class_list":["post-33900","post","type-post","status-publish","format-standard","has-post-thumbnail","hentry","category-destacadas","category-morelia"],"_links":{"self":[{"href":"https:\/\/radiowebmx.com\/nota\/wp-json\/wp\/v2\/posts\/33900","targetHints":{"allow":["GET"]}}],"collection":[{"href":"https:\/\/radiowebmx.com\/nota\/wp-json\/wp\/v2\/posts"}],"about":[{"href":"https:\/\/radiowebmx.com\/nota\/wp-json\/wp\/v2\/types\/post"}],"author":[{"embeddable":true,"href":"https:\/\/radiowebmx.com\/nota\/wp-json\/wp\/v2\/users\/2"}],"replies":[{"embeddable":true,"href":"https:\/\/radiowebmx.com\/nota\/wp-json\/wp\/v2\/comments?post=33900"}],"version-history":[{"count":1,"href":"https:\/\/radiowebmx.com\/nota\/wp-json\/wp\/v2\/posts\/33900\/revisions"}],"predecessor-version":[{"id":33912,"href":"https:\/\/radiowebmx.com\/nota\/wp-json\/wp\/v2\/posts\/33900\/revisions\/33912"}],"wp:featuredmedia":[{"embeddable":true,"href":"https:\/\/radiowebmx.com\/nota\/wp-json\/wp\/v2\/media\/33911"}],"wp:attachment":[{"href":"https:\/\/radiowebmx.com\/nota\/wp-json\/wp\/v2\/media?parent=33900"}],"wp:term":[{"taxonomy":"category","embeddable":true,"href":"https:\/\/radiowebmx.com\/nota\/wp-json\/wp\/v2\/categories?post=33900"},{"taxonomy":"post_tag","embeddable":true,"href":"https:\/\/radiowebmx.com\/nota\/wp-json\/wp\/v2\/tags?post=33900"}],"curies":[{"name":"wp","href":"https:\/\/api.w.org\/{rel}","templated":true}]}}