{"id":33887,"date":"2017-04-11T13:32:42","date_gmt":"2017-04-11T18:32:42","guid":{"rendered":"https:\/\/radiowebmx.com\/nota\/?p=33887"},"modified":"2017-04-11T13:32:42","modified_gmt":"2017-04-11T18:32:42","slug":"la-lucha-de-zapata-debe-continuar-con-la-tecnificacion-del-campo-sigala","status":"publish","type":"post","link":"https:\/\/radiowebmx.com\/nota\/la-lucha-de-zapata-debe-continuar-con-la-tecnificacion-del-campo-sigala\/","title":{"rendered":"La lucha de Zapata debe continuar con la tecnificaci\u00f3n del campo: Sigala"},"content":{"rendered":"<p class=\"x_MsoNormal\"><a href=\"https:\/\/radiowebmx.com\/nota\/wp-content\/uploads\/2017\/04\/thumbnail_Comunicado-507-1.jpg\"><img loading=\"lazy\" decoding=\"async\" class=\"alignnone size-medium wp-image-33888\" src=\"https:\/\/radiowebmx.com\/nota\/wp-content\/uploads\/2017\/04\/thumbnail_Comunicado-507-1-595x396.jpg\" alt=\"\" width=\"595\" height=\"396\" srcset=\"https:\/\/radiowebmx.com\/nota\/wp-content\/uploads\/2017\/04\/thumbnail_Comunicado-507-1-595x396.jpg 595w, https:\/\/radiowebmx.com\/nota\/wp-content\/uploads\/2017\/04\/thumbnail_Comunicado-507-1.jpg 709w\" sizes=\"auto, (max-width: 595px) 100vw, 595px\" \/><\/a><\/p>\n<p class=\"x_MsoNormal\"><b>Morelia; Michoac\u00e1n, 10 de abril de 2017.-<\/b> \u00a0La lucha por hacer justicia a los campesinos de M\u00e9xico sigue vigente, ya que\u00a0 no obstante que se resolvi\u00f3 en gran medida el problema de la tenencia de la\u00a0 tierra, es necesario que\u00a0 el campo sea m\u00e1s productivo y esto se traduzca en un mejor nivel de vida de los trabajadores agr\u00edcolas, manifest\u00f3 Pascual Sigala, Presidente de la Mesa Directiva del Congreso del Estado, en el marco del \u00a0XCVIII aniversario luctuoso de Emiliano Zapata.<\/p>\n<p class=\"x_MsoNormal\">La capitalizaci\u00f3n y tecnificaci\u00f3n del campo permitir\u00e1 tambi\u00e9n, que los michoacanos migren menos a Estados Unidos, en estos momentos que hay un gobierno hostil y racista hacia los mexicanos.<\/p>\n<p class=\"x_MsoNormal\">\n<p class=\"x_MsoNormal\">Lo\u00a0 mejor es brindarles las oportunidades de desarrollo en las tierras michoacanas y que est\u00e1s no queden abandonadas ante la baja productividad\u00a0 y los bajos precios de los productos agropecuarios.<\/p>\n<p class=\"x_MsoNormal\">\n<p class=\"x_MsoNormal\">Es parad\u00f3jico que\u00a0 mientras somos importadores de ma\u00edz, frijol y arroz y leche, grandes extensiones de tierra est\u00e1n abandonadas.<\/p>\n<p class=\"x_MsoNormal\">\n<p class=\"x_MsoNormal\">Por ello, reiter\u00f3 el legislador Sigala, es necesario reforzar las pol\u00edticas p\u00fablicas de impulso al campo \u00a0y que \u00e9stas sean de la dimensi\u00f3n de pol\u00edtica de Estado, ahora que la condiciones internacionales han\u00a0cambiado, pero tambi\u00e9n para iniciar \u00a0\u00a0un camino permanente hacia la soberan\u00eda alimentaria.<\/p>\n<p class=\"x_MsoNormal\">\n<p class=\"x_MsoNormal\">La lucha de Zapata fue muy importante para el reparto agrario y hoy la lucha debe ser para que los campesinos puedan vivir con dignidad\u00a0 y cuenten\u00a0 lo b\u00e1sico para resolver sus necesidades de ingreso y sus hijos puedan contar con los servicios de \u00a0salud y educaci\u00f3n.<\/p>\n<p class=\"x_MsoNormal\">\n","protected":false},"excerpt":{"rendered":"<p>Morelia; Michoac\u00e1n, 10 de abril de 2017.- \u00a0La lucha por hacer justicia a los campesinos de M\u00e9xico sigue vigente, ya que\u00a0 no obstante que se resolvi\u00f3 en gran medida el problema de la tenencia de la\u00a0 tierra, es necesario que\u00a0 el campo sea m\u00e1s productivo y esto se traduzca en un mejor nivel de vida [&hellip;]<\/p>\n","protected":false},"author":2,"featured_media":33888,"comment_status":"closed","ping_status":"closed","sticky":false,"template":"","format":"standard","meta":{"footnotes":""},"categories":[6,14,19],"tags":[],"class_list":["post-33887","post","type-post","status-publish","format-standard","has-post-thumbnail","hentry","category-congreso-del-estado","category-destacadas","category-grupo-parlamentario-del-prd"],"_links":{"self":[{"href":"https:\/\/radiowebmx.com\/nota\/wp-json\/wp\/v2\/posts\/33887","targetHints":{"allow":["GET"]}}],"collection":[{"href":"https:\/\/radiowebmx.com\/nota\/wp-json\/wp\/v2\/posts"}],"about":[{"href":"https:\/\/radiowebmx.com\/nota\/wp-json\/wp\/v2\/types\/post"}],"author":[{"embeddable":true,"href":"https:\/\/radiowebmx.com\/nota\/wp-json\/wp\/v2\/users\/2"}],"replies":[{"embeddable":true,"href":"https:\/\/radiowebmx.com\/nota\/wp-json\/wp\/v2\/comments?post=33887"}],"version-history":[{"count":1,"href":"https:\/\/radiowebmx.com\/nota\/wp-json\/wp\/v2\/posts\/33887\/revisions"}],"predecessor-version":[{"id":33889,"href":"https:\/\/radiowebmx.com\/nota\/wp-json\/wp\/v2\/posts\/33887\/revisions\/33889"}],"wp:featuredmedia":[{"embeddable":true,"href":"https:\/\/radiowebmx.com\/nota\/wp-json\/wp\/v2\/media\/33888"}],"wp:attachment":[{"href":"https:\/\/radiowebmx.com\/nota\/wp-json\/wp\/v2\/media?parent=33887"}],"wp:term":[{"taxonomy":"category","embeddable":true,"href":"https:\/\/radiowebmx.com\/nota\/wp-json\/wp\/v2\/categories?post=33887"},{"taxonomy":"post_tag","embeddable":true,"href":"https:\/\/radiowebmx.com\/nota\/wp-json\/wp\/v2\/tags?post=33887"}],"curies":[{"name":"wp","href":"https:\/\/api.w.org\/{rel}","templated":true}]}}