{"id":33884,"date":"2017-04-11T13:28:36","date_gmt":"2017-04-11T18:28:36","guid":{"rendered":"https:\/\/radiowebmx.com\/nota\/?p=33884"},"modified":"2017-04-11T13:28:36","modified_gmt":"2017-04-11T18:28:36","slug":"urgente-atender-la-crisis-que-se-vive-en-derechos-humanos-roberto-maldonado","status":"publish","type":"post","link":"https:\/\/radiowebmx.com\/nota\/urgente-atender-la-crisis-que-se-vive-en-derechos-humanos-roberto-maldonado\/","title":{"rendered":"Urgente atender la crisis que se vive en derechos humanos: Roberto Maldonado"},"content":{"rendered":"<p class=\"x_MsoNormal\"><a href=\"https:\/\/radiowebmx.com\/nota\/wp-content\/uploads\/2017\/04\/thumbnail_Comunicado-506.jpg\"><img loading=\"lazy\" decoding=\"async\" class=\"alignnone size-medium wp-image-33885\" src=\"https:\/\/radiowebmx.com\/nota\/wp-content\/uploads\/2017\/04\/thumbnail_Comunicado-506-595x396.jpg\" alt=\"\" width=\"595\" height=\"396\" srcset=\"https:\/\/radiowebmx.com\/nota\/wp-content\/uploads\/2017\/04\/thumbnail_Comunicado-506-595x396.jpg 595w, https:\/\/radiowebmx.com\/nota\/wp-content\/uploads\/2017\/04\/thumbnail_Comunicado-506.jpg 709w\" sizes=\"auto, (max-width: 595px) 100vw, 595px\" \/><\/a><\/p>\n<p class=\"x_MsoNormal\"><b>Morelia; Michoac\u00e1n, 10 de abril de 2017.-<\/b> \u00a0La crisis de derechos humanos y violencia que se viven en el pa\u00eds y en el estado, obligan al Congreso del Estado asumir acciones desde su trinchera, afirm\u00f3 el diputado del PRI por el Distrito de Los Reyes, Roberto Maldonado Hinojosa al urgir dictaminar las reforma propuesta a la Constituci\u00f3n del Estado, para dar paso a las iniciativas preferentes, presentada en d\u00edas pasados.<\/p>\n<p class=\"x_MsoNormal\">\u00a0El diputado del PRI refiri\u00f3 que ante hechos como los recientemente ocurridos en Arantepacua, y en algunos otros casos donde se presume una violaci\u00f3n a los derechos humanos, se busca otorgar la facultad constitucional al Gobernador y al Congreso para dictaminar de manera expedita las iniciativas para solventar de manera r\u00e1pida una crisis en materia de derechos humanos.<\/p>\n<p class=\"x_MsoNormal\">\n<p class=\"x_MsoNormal\">\u201cA trav\u00e9s de esta propuesta se deja la puerta abierta al Gobernador y al Congreso del Estado para que en relaci\u00f3n a los temas que tengan que ver con derechos humanos, se d\u00e9 celeridad en temas como trata de personas, y asesinatos, abuso de autoridad, entre otras, no excedan d\u00edas h\u00e1biles para su an\u00e1lisis, dictaminar\u00edan para hacerse valer estas reformas en el estado,\u201d, manifest\u00f3.<\/p>\n<p class=\"x_MsoNormal\">\n<p class=\"x_MsoNormal\">El legislador tricolor exhorto a sus hom\u00f3logos para que se solidaricen y busquen mejorar las condiciones de las familias michoacanas, ser sensibles y tener una mayor conciencia social, respecto a un tema que afecta la dignidad humana como es la violaci\u00f3n de los derechos humanos.<\/p>\n<p class=\"x_MsoNormal\">\n<p class=\"x_MsoNormal\">La propuesta de iniciativa plantea que en caso de que exista una crisis evidente en temas de derechos humanos, el Gobernador podr\u00e1 presentar en cualquier momento, hasta dos iniciativas preferentes que correspondan a tal problem\u00e1tica por cada a\u00f1o legislativo. Cada iniciativa con el car\u00e1cter preferente, deber\u00e1 ser discutida y votada por el Pleno del Congreso del Estado en un plazo m\u00e1ximo de treinta d\u00edas naturales y se deber\u00e1 dictaminar de manera prioritaria y con car\u00e1cter de preferente las leyes o reformas que envi\u00e9 el Gobernador con car\u00e1cter de preferente, en el supuesto de crisis evidente de derechos humanos.<\/p>\n","protected":false},"excerpt":{"rendered":"<p>Morelia; Michoac\u00e1n, 10 de abril de 2017.- \u00a0La crisis de derechos humanos y violencia que se viven en el pa\u00eds y en el estado, obligan al Congreso del Estado asumir acciones desde su trinchera, afirm\u00f3 el diputado del PRI por el Distrito de Los Reyes, Roberto Maldonado Hinojosa al urgir dictaminar las reforma propuesta a [&hellip;]<\/p>\n","protected":false},"author":2,"featured_media":33885,"comment_status":"closed","ping_status":"closed","sticky":false,"template":"","format":"standard","meta":{"footnotes":""},"categories":[6,14,7],"tags":[],"class_list":["post-33884","post","type-post","status-publish","format-standard","has-post-thumbnail","hentry","category-congreso-del-estado","category-destacadas","category-grupo-parlamentario-del-pri"],"_links":{"self":[{"href":"https:\/\/radiowebmx.com\/nota\/wp-json\/wp\/v2\/posts\/33884","targetHints":{"allow":["GET"]}}],"collection":[{"href":"https:\/\/radiowebmx.com\/nota\/wp-json\/wp\/v2\/posts"}],"about":[{"href":"https:\/\/radiowebmx.com\/nota\/wp-json\/wp\/v2\/types\/post"}],"author":[{"embeddable":true,"href":"https:\/\/radiowebmx.com\/nota\/wp-json\/wp\/v2\/users\/2"}],"replies":[{"embeddable":true,"href":"https:\/\/radiowebmx.com\/nota\/wp-json\/wp\/v2\/comments?post=33884"}],"version-history":[{"count":1,"href":"https:\/\/radiowebmx.com\/nota\/wp-json\/wp\/v2\/posts\/33884\/revisions"}],"predecessor-version":[{"id":33886,"href":"https:\/\/radiowebmx.com\/nota\/wp-json\/wp\/v2\/posts\/33884\/revisions\/33886"}],"wp:featuredmedia":[{"embeddable":true,"href":"https:\/\/radiowebmx.com\/nota\/wp-json\/wp\/v2\/media\/33885"}],"wp:attachment":[{"href":"https:\/\/radiowebmx.com\/nota\/wp-json\/wp\/v2\/media?parent=33884"}],"wp:term":[{"taxonomy":"category","embeddable":true,"href":"https:\/\/radiowebmx.com\/nota\/wp-json\/wp\/v2\/categories?post=33884"},{"taxonomy":"post_tag","embeddable":true,"href":"https:\/\/radiowebmx.com\/nota\/wp-json\/wp\/v2\/tags?post=33884"}],"curies":[{"name":"wp","href":"https:\/\/api.w.org\/{rel}","templated":true}]}}