{"id":33855,"date":"2017-04-10T17:38:36","date_gmt":"2017-04-10T22:38:36","guid":{"rendered":"https:\/\/radiowebmx.com\/nota\/?p=33855"},"modified":"2017-04-11T11:29:47","modified_gmt":"2017-04-11T16:29:47","slug":"llama-wilfrido-lazaro-a-ssp-trabajar-en-operativo-de-periodo-vacacional-2","status":"publish","type":"post","link":"https:\/\/radiowebmx.com\/nota\/llama-wilfrido-lazaro-a-ssp-trabajar-en-operativo-de-periodo-vacacional-2\/","title":{"rendered":"Llama Wilfrido L\u00e1zaro a SSP trabajar en Operativo de Periodo Vacacional"},"content":{"rendered":"<p><a href=\"https:\/\/radiowebmx.com\/nota\/wp-content\/uploads\/2017\/04\/17342097_10212467869991410_1156965771_o-1.jpg\"><img loading=\"lazy\" decoding=\"async\" class=\"alignnone size-medium wp-image-33856\" src=\"https:\/\/radiowebmx.com\/nota\/wp-content\/uploads\/2017\/04\/17342097_10212467869991410_1156965771_o-1-595x396.jpg\" alt=\"\" width=\"595\" height=\"396\" srcset=\"https:\/\/radiowebmx.com\/nota\/wp-content\/uploads\/2017\/04\/17342097_10212467869991410_1156965771_o-1-595x396.jpg 595w, https:\/\/radiowebmx.com\/nota\/wp-content\/uploads\/2017\/04\/17342097_10212467869991410_1156965771_o-1-768x511.jpg 768w, https:\/\/radiowebmx.com\/nota\/wp-content\/uploads\/2017\/04\/17342097_10212467869991410_1156965771_o-1-960x639.jpg 960w, https:\/\/radiowebmx.com\/nota\/wp-content\/uploads\/2017\/04\/17342097_10212467869991410_1156965771_o-1.jpg 1136w\" sizes=\"auto, (max-width: 595px) 100vw, 595px\" \/><\/a><\/p>\n<p>Morelia, Mich., 09 de Abril de 2017.- La prevenci\u00f3n es un instrumento fundamental para evitar accidentes automovil\u00edsticos que en el pa\u00eds y el estado representan una de las principales causas de muerte entre los adolescentes y j\u00f3venes, se\u00f1al\u00f3 el presidente de la comisi\u00f3n de Seguridad y Protecci\u00f3n Civil en el Congreso del Estado, Wilfrido L\u00e1zaro Medina, al hacer un llamado respetuoso a las autoridades de seguridad en el estado, municipios y gobierno federal, para que en el \u00e1mbito de sus competencias establezcan\u00a0 acciones preventivas durante este periodo vacacional.<\/p>\n<p>&nbsp;<\/p>\n<p>El diputado tricolor se\u00f1al\u00f3 que este viernes inicio el periodo vacacional de Semana Santa, por lo que se deben efectuar las acciones tendientes a prevenir accidentes, entre informaci\u00f3n, campa\u00f1as de concientizaci\u00f3n sobre la importancia de no manejar cansado, en estado de ebriedad, as\u00ed como tener la unidad vehicular en \u00f3ptimas condiciones.<\/p>\n<p>&nbsp;<\/p>\n<p>Agreg\u00f3 que durante este periodo vacacional se incrementan los accidentes, datos del Instituto Nacional de Geograf\u00eda y Estad\u00edstica (INEGI) indican que Michoac\u00e1n con 326 muertes se encontr\u00f3 entre los estados donde m\u00e1s personas fallecieron a causa de los accidentes de tr\u00e1nsito durante 2015, entre los que tambi\u00e9n se encuentran Chihuahua con 345 decesos; Sinaloa con 325 fallecimientos; Jalisco con 282 muertes y Veracruz con 240 defunciones.<\/p>\n<p>&nbsp;<\/p>\n<p>L\u00e1zaro Medina inform\u00f3 que en el 2015 se registraron 378 mil 232 accidentes de tr\u00e1nsito en las zonas urbanas del pa\u00eds, con un saldo de 4 mil 601 v\u00edctimas mortales, el 19.4% corresponden a eventos viales y el 79.5 por ciento a da\u00f1os y en \u00e9l hubo una persona que perdi\u00f3 la vida.<\/p>\n<p>&nbsp;<\/p>\n<p>El diputado del PRI record\u00f3 que es importante reforzar la seguridad en carreteras, aeropuerto, terminales de autobuses y salidas en las principales ciudades, as\u00ed como en los destinos m\u00e1s visitados, esto con la finalidad de generar tranquilidad y confianza a quienes escogen a Michoac\u00e1n como destino tur\u00edstico, y a los michoacanos que deciden viajar a otros puntos del pa\u00eds y el estado.<\/p>\n<p>&nbsp;<\/p>\n<p>Por ello, llam\u00f3 al Gobierno Federal, Estatal y municipios, para que en el \u00e1mbito de sus competencias coordinen acciones para el cuidado y apoyo en carreteras federales, estatales y v\u00edas municipales, as\u00ed como la actuaci\u00f3n efectiva en el Puerto de L\u00e1zaro C\u00e1rdenas y la Costa Michoacana.<\/p>\n","protected":false},"excerpt":{"rendered":"<p>Morelia, Mich., 09 de Abril de 2017.- La prevenci\u00f3n es un instrumento fundamental para evitar accidentes automovil\u00edsticos que en el pa\u00eds y el estado representan una de las principales causas de muerte entre los adolescentes y j\u00f3venes, se\u00f1al\u00f3 el presidente de la comisi\u00f3n de Seguridad y Protecci\u00f3n Civil en el Congreso del Estado, Wilfrido L\u00e1zaro [&hellip;]<\/p>\n","protected":false},"author":2,"featured_media":33856,"comment_status":"closed","ping_status":"closed","sticky":false,"template":"","format":"standard","meta":{"footnotes":""},"categories":[6,14,7],"tags":[],"class_list":["post-33855","post","type-post","status-publish","format-standard","has-post-thumbnail","hentry","category-congreso-del-estado","category-destacadas","category-grupo-parlamentario-del-pri"],"_links":{"self":[{"href":"https:\/\/radiowebmx.com\/nota\/wp-json\/wp\/v2\/posts\/33855","targetHints":{"allow":["GET"]}}],"collection":[{"href":"https:\/\/radiowebmx.com\/nota\/wp-json\/wp\/v2\/posts"}],"about":[{"href":"https:\/\/radiowebmx.com\/nota\/wp-json\/wp\/v2\/types\/post"}],"author":[{"embeddable":true,"href":"https:\/\/radiowebmx.com\/nota\/wp-json\/wp\/v2\/users\/2"}],"replies":[{"embeddable":true,"href":"https:\/\/radiowebmx.com\/nota\/wp-json\/wp\/v2\/comments?post=33855"}],"version-history":[{"count":1,"href":"https:\/\/radiowebmx.com\/nota\/wp-json\/wp\/v2\/posts\/33855\/revisions"}],"predecessor-version":[{"id":33857,"href":"https:\/\/radiowebmx.com\/nota\/wp-json\/wp\/v2\/posts\/33855\/revisions\/33857"}],"wp:featuredmedia":[{"embeddable":true,"href":"https:\/\/radiowebmx.com\/nota\/wp-json\/wp\/v2\/media\/33856"}],"wp:attachment":[{"href":"https:\/\/radiowebmx.com\/nota\/wp-json\/wp\/v2\/media?parent=33855"}],"wp:term":[{"taxonomy":"category","embeddable":true,"href":"https:\/\/radiowebmx.com\/nota\/wp-json\/wp\/v2\/categories?post=33855"},{"taxonomy":"post_tag","embeddable":true,"href":"https:\/\/radiowebmx.com\/nota\/wp-json\/wp\/v2\/tags?post=33855"}],"curies":[{"name":"wp","href":"https:\/\/api.w.org\/{rel}","templated":true}]}}