{"id":33852,"date":"2017-04-10T11:23:36","date_gmt":"2017-04-10T16:23:36","guid":{"rendered":"https:\/\/radiowebmx.com\/nota\/?p=33852"},"modified":"2017-04-11T11:27:27","modified_gmt":"2017-04-11T16:27:27","slug":"policia-de-morelia-emprende-operativo-especial-por-semana-santa","status":"publish","type":"post","link":"https:\/\/radiowebmx.com\/nota\/policia-de-morelia-emprende-operativo-especial-por-semana-santa\/","title":{"rendered":"Polic\u00eda de Morelia emprende operativo especial por Semana Santa"},"content":{"rendered":"<p><a href=\"https:\/\/radiowebmx.com\/nota\/wp-content\/uploads\/2017\/04\/558532fb-8d2a-42ea-b5ec-e3e520a15578.jpg\"><img loading=\"lazy\" decoding=\"async\" class=\"alignnone size-medium wp-image-33853\" src=\"https:\/\/radiowebmx.com\/nota\/wp-content\/uploads\/2017\/04\/558532fb-8d2a-42ea-b5ec-e3e520a15578-595x396.jpg\" alt=\"\" width=\"595\" height=\"396\" srcset=\"https:\/\/radiowebmx.com\/nota\/wp-content\/uploads\/2017\/04\/558532fb-8d2a-42ea-b5ec-e3e520a15578-595x396.jpg 595w, https:\/\/radiowebmx.com\/nota\/wp-content\/uploads\/2017\/04\/558532fb-8d2a-42ea-b5ec-e3e520a15578.jpg 709w\" sizes=\"auto, (max-width: 595px) 100vw, 595px\" \/><\/a><\/p>\n<p>En el \u00e1nimo de garantizar el orden p\u00fablico as\u00ed como la integridad f\u00edsica y patrimonial de la ciudadan\u00eda, la Polic\u00eda de Morelia realiza un operativo especial con motivo del periodo vacacional de Semana Santa, donde se contempla la asistencia de miles de visitantes a los diferentes espacios, tanto religiosos, tur\u00edsticos y comerciales del municipio.<\/p>\n<p>El Comisario Municipal, Felipe Gonz\u00e1lez Carmona, inform\u00f3 que a partir de este lunes\u00a010 y hasta el 16 de abril del a\u00f1o en curso, son m\u00e1s de 200 los elementos de seguridad que se concentran de manera permanente en los lugares de mayor afluencia durante este periodo.<\/p>\n<p>Precis\u00f3 que este operativo se lleva a cabo en coordinaci\u00f3n con las diversas autoridades locales, estatales y federales en materia de seguridad p\u00fablica, de forma tal que\u00a0los morelianos y turistas disfruten sin contratiempos de los diversos eventos a realizarse en la capital michoacana como parte de esta celebraci\u00f3n.<\/p>\n<p>Gonz\u00e1lez Carmona, asegur\u00f3 que la Polic\u00eda de Morelia se encuentra lista para recibir y atender a la ciudadan\u00eda durante estos d\u00edas de asueto, ya que cuentan con una estrategia bien definida en materia de prevenci\u00f3n y reacci\u00f3n, con el objetivo de que \u00e9sta tenga la confianza de que su integridad se encuentra protegida en todo momento por las instituciones de seguridad p\u00fablica.<\/p>\n<p>Detall\u00f3 que se\u00a0implementan medidas generales y particulares en diversos puntos del municipio tendientes a garantizar\u00a0el orden y la paz p\u00fablica, al mismo tiempo de \u00a0dar certeza de que los bienes, libertades y dignidad de los ciudadanos ser\u00e1n resguardados.<\/p>\n<p>A\u00f1adi\u00f3 que los 200 uniformados que est\u00e1n de manera permanente vigilando las principales zonas de afluencia estar\u00e1n a bordo de 52 veh\u00edculos, en tanto que en el Centro Hist\u00f3rico se cuentan con equipos de reacci\u00f3n inmediata a bordo de motocicletas, quienes se encuentran en recorridos constantes.<\/p>\n<p>Asimismo, el Comisario de la Polic\u00eda de Morelia, record\u00f3 que como parte de esta estrategia se tiene contemplado un operativo particular para la Procesi\u00f3n del Silencio, donde con oportunidad se avisara a la ciudadan\u00eda del cierre de calles y vialidades alternas de circulaci\u00f3n para este viernes 14 de abril.<\/p>\n<p>Finalmente, Felipe Gonz\u00e1lez, invit\u00f3 a los ciudadanos a coadyuvar con la autoridad municipal para que estas festividades se lleven a cabo en orden y tranquilidad.<\/p>\n","protected":false},"excerpt":{"rendered":"<p>En el \u00e1nimo de garantizar el orden p\u00fablico as\u00ed como la integridad f\u00edsica y patrimonial de la ciudadan\u00eda, la Polic\u00eda de Morelia realiza un operativo especial con motivo del periodo vacacional de Semana Santa, donde se contempla la asistencia de miles de visitantes a los diferentes espacios, tanto religiosos, tur\u00edsticos y comerciales del municipio. El [&hellip;]<\/p>\n","protected":false},"author":2,"featured_media":33853,"comment_status":"closed","ping_status":"closed","sticky":false,"template":"","format":"standard","meta":{"footnotes":""},"categories":[14,9],"tags":[],"class_list":["post-33852","post","type-post","status-publish","format-standard","has-post-thumbnail","hentry","category-destacadas","category-morelia"],"_links":{"self":[{"href":"https:\/\/radiowebmx.com\/nota\/wp-json\/wp\/v2\/posts\/33852","targetHints":{"allow":["GET"]}}],"collection":[{"href":"https:\/\/radiowebmx.com\/nota\/wp-json\/wp\/v2\/posts"}],"about":[{"href":"https:\/\/radiowebmx.com\/nota\/wp-json\/wp\/v2\/types\/post"}],"author":[{"embeddable":true,"href":"https:\/\/radiowebmx.com\/nota\/wp-json\/wp\/v2\/users\/2"}],"replies":[{"embeddable":true,"href":"https:\/\/radiowebmx.com\/nota\/wp-json\/wp\/v2\/comments?post=33852"}],"version-history":[{"count":1,"href":"https:\/\/radiowebmx.com\/nota\/wp-json\/wp\/v2\/posts\/33852\/revisions"}],"predecessor-version":[{"id":33854,"href":"https:\/\/radiowebmx.com\/nota\/wp-json\/wp\/v2\/posts\/33852\/revisions\/33854"}],"wp:featuredmedia":[{"embeddable":true,"href":"https:\/\/radiowebmx.com\/nota\/wp-json\/wp\/v2\/media\/33853"}],"wp:attachment":[{"href":"https:\/\/radiowebmx.com\/nota\/wp-json\/wp\/v2\/media?parent=33852"}],"wp:term":[{"taxonomy":"category","embeddable":true,"href":"https:\/\/radiowebmx.com\/nota\/wp-json\/wp\/v2\/categories?post=33852"},{"taxonomy":"post_tag","embeddable":true,"href":"https:\/\/radiowebmx.com\/nota\/wp-json\/wp\/v2\/tags?post=33852"}],"curies":[{"name":"wp","href":"https:\/\/api.w.org\/{rel}","templated":true}]}}