{"id":33843,"date":"2017-04-10T16:58:03","date_gmt":"2017-04-10T21:58:03","guid":{"rendered":"https:\/\/radiowebmx.com\/nota\/?p=33843"},"modified":"2017-04-11T11:17:05","modified_gmt":"2017-04-11T16:17:05","slug":"plaza-jardin-morelos-se-vestira-de-amarillo-para-apoyar-a-monarcas-morelia","status":"publish","type":"post","link":"https:\/\/radiowebmx.com\/nota\/plaza-jardin-morelos-se-vestira-de-amarillo-para-apoyar-a-monarcas-morelia\/","title":{"rendered":"Plaza Jard\u00edn Morelos se vestir\u00e1 de amarillo para apoyar a Monarcas Morelia"},"content":{"rendered":"<p><a href=\"https:\/\/radiowebmx.com\/nota\/wp-content\/uploads\/2017\/04\/f5de1af7-6453-4d7a-8c92-a946cfc3234a.jpeg\"><img loading=\"lazy\" decoding=\"async\" class=\"alignnone size-medium wp-image-33844\" src=\"https:\/\/radiowebmx.com\/nota\/wp-content\/uploads\/2017\/04\/f5de1af7-6453-4d7a-8c92-a946cfc3234a-595x559.jpeg\" alt=\"\" width=\"595\" height=\"559\" srcset=\"https:\/\/radiowebmx.com\/nota\/wp-content\/uploads\/2017\/04\/f5de1af7-6453-4d7a-8c92-a946cfc3234a-595x559.jpeg 595w, https:\/\/radiowebmx.com\/nota\/wp-content\/uploads\/2017\/04\/f5de1af7-6453-4d7a-8c92-a946cfc3234a.jpeg 709w\" sizes=\"auto, (max-width: 595px) 100vw, 595px\" \/><\/a><\/p>\n<p>El Ayuntamiento de Morelia que encabeza el Alcalde, Alfonso Mart\u00ednez Alc\u00e1zar en conjunto con el equipo Monarcas Morelia, invitan a la ciudadan\u00eda disfrutar del Monarcas Fest, este mi\u00e9rcoles 12 de abril a partir de las 20:00 horas en la Plaza Jard\u00edn Morelos, lugar en donde se proyectar\u00e1 el partido contra los Tuzos del Pachuca.<\/p>\n<p>Con esta actividad, adem\u00e1s de promover el apoyo y motivar al equipo local en su lucha por la permanencia en la Primera Divisi\u00f3n del futbol mexicano, el Gobierno Municipal abre oportunidades para la convivencia familiar y el uso de plazas p\u00fablicas para fines recreativos.<\/p>\n<p>Frente una pantalla gigante y un sonido de primer nivel que permita a los asistentes disfrutar la emoci\u00f3n y adrenalina de esta justa futbol\u00edstica, el Ayuntamiento llama a la ciudadan\u00eda a vestir de amarillo y vivir esta experiencia \u00fanica, de forma absolutamente gratuita, apoyando a Monarcas Morelia.<\/p>\n<p>Es importante recordar a los asistentes llegar con antelaci\u00f3n para apartar los lugares que sean de su preferencia ya que se trata de un partido de suma importancia para los locales en su lucha por la permanencia, ante uno de los protagonistas del futbol mexicano.<\/p>\n","protected":false},"excerpt":{"rendered":"<p>El Ayuntamiento de Morelia que encabeza el Alcalde, Alfonso Mart\u00ednez Alc\u00e1zar en conjunto con el equipo Monarcas Morelia, invitan a la ciudadan\u00eda disfrutar del Monarcas Fest, este mi\u00e9rcoles 12 de abril a partir de las 20:00 horas en la Plaza Jard\u00edn Morelos, lugar en donde se proyectar\u00e1 el partido contra los Tuzos del Pachuca. Con [&hellip;]<\/p>\n","protected":false},"author":2,"featured_media":33844,"comment_status":"closed","ping_status":"closed","sticky":false,"template":"","format":"standard","meta":{"footnotes":""},"categories":[14,9],"tags":[],"class_list":["post-33843","post","type-post","status-publish","format-standard","has-post-thumbnail","hentry","category-destacadas","category-morelia"],"_links":{"self":[{"href":"https:\/\/radiowebmx.com\/nota\/wp-json\/wp\/v2\/posts\/33843","targetHints":{"allow":["GET"]}}],"collection":[{"href":"https:\/\/radiowebmx.com\/nota\/wp-json\/wp\/v2\/posts"}],"about":[{"href":"https:\/\/radiowebmx.com\/nota\/wp-json\/wp\/v2\/types\/post"}],"author":[{"embeddable":true,"href":"https:\/\/radiowebmx.com\/nota\/wp-json\/wp\/v2\/users\/2"}],"replies":[{"embeddable":true,"href":"https:\/\/radiowebmx.com\/nota\/wp-json\/wp\/v2\/comments?post=33843"}],"version-history":[{"count":1,"href":"https:\/\/radiowebmx.com\/nota\/wp-json\/wp\/v2\/posts\/33843\/revisions"}],"predecessor-version":[{"id":33845,"href":"https:\/\/radiowebmx.com\/nota\/wp-json\/wp\/v2\/posts\/33843\/revisions\/33845"}],"wp:featuredmedia":[{"embeddable":true,"href":"https:\/\/radiowebmx.com\/nota\/wp-json\/wp\/v2\/media\/33844"}],"wp:attachment":[{"href":"https:\/\/radiowebmx.com\/nota\/wp-json\/wp\/v2\/media?parent=33843"}],"wp:term":[{"taxonomy":"category","embeddable":true,"href":"https:\/\/radiowebmx.com\/nota\/wp-json\/wp\/v2\/categories?post=33843"},{"taxonomy":"post_tag","embeddable":true,"href":"https:\/\/radiowebmx.com\/nota\/wp-json\/wp\/v2\/tags?post=33843"}],"curies":[{"name":"wp","href":"https:\/\/api.w.org\/{rel}","templated":true}]}}