{"id":33834,"date":"2017-04-10T14:50:35","date_gmt":"2017-04-10T19:50:35","guid":{"rendered":"https:\/\/radiowebmx.com\/nota\/?p=33834"},"modified":"2017-04-10T14:50:35","modified_gmt":"2017-04-10T19:50:35","slug":"alfonso-martinez-abastece-de-vital-liquido-a-zona-norponiente-de-morelia","status":"publish","type":"post","link":"https:\/\/radiowebmx.com\/nota\/alfonso-martinez-abastece-de-vital-liquido-a-zona-norponiente-de-morelia\/","title":{"rendered":"Alfonso Mart\u00ednez abastece de vital l\u00edquido a zona Norponiente de Morelia"},"content":{"rendered":"<p><a href=\"https:\/\/radiowebmx.com\/nota\/wp-content\/uploads\/2017\/04\/36aeb618-1bfb-40e6-9639-c9db88788661.jpg\"><img loading=\"lazy\" decoding=\"async\" class=\"alignnone size-medium wp-image-33835\" src=\"https:\/\/radiowebmx.com\/nota\/wp-content\/uploads\/2017\/04\/36aeb618-1bfb-40e6-9639-c9db88788661-595x396.jpg\" alt=\"\" width=\"595\" height=\"396\" srcset=\"https:\/\/radiowebmx.com\/nota\/wp-content\/uploads\/2017\/04\/36aeb618-1bfb-40e6-9639-c9db88788661-595x396.jpg 595w, https:\/\/radiowebmx.com\/nota\/wp-content\/uploads\/2017\/04\/36aeb618-1bfb-40e6-9639-c9db88788661.jpg 709w\" sizes=\"auto, (max-width: 595px) 100vw, 595px\" \/><\/a><\/p>\n<p>Con el compromiso de ampliar la cobertura de servicios y en especial de abastecer del vital l\u00edquido a todos los rincones del municipio, el Presidente Municipal de Morelia, Alfonso Mart\u00ednez Alc\u00e1zar, encabez\u00f3 la ma\u00f1ana de ese lunes, una Visita de supervisi\u00f3n de obra del pozo Garc\u00eda Pueblita, que beneficiar\u00e1 a m\u00e1s de 30 mil habitantes de la zona Norponiente de la ciudad y en la que el Gobierno Municipal realiza una inversi\u00f3n de 4 millones 300 mil pesos.<\/p>\n<p>En compa\u00f1\u00eda del Director General del Organismo Operador de Agua Potable, Alcantarillado y Saneamiento de Morelia (OOAPAS) Roberto Valenzuela Cepeda; el Secretario de Efectividad e Innovaci\u00f3n Gubernamental, Antonio Plaza Urbina; el Secretario de Desarrollo Metropolitano e Infraestructura, Juan Fernando Sosa Tapia; as\u00ed como los representantes de las organizaciones FESEM, Movimiento Social Revolucionario y Movimiento de Unificaci\u00f3n Ciudadana, Juan Llamas, Carlos Reyes Reyes y Antonio Prads, respectivamente, el Alcalde hizo hincapi\u00e9 en el esfuerzo de esta Administraci\u00f3n por llevar agua a todos los morelianos.<\/p>\n<p>\u201cNuestra ciudad tiene muchas necesidades,\u00a0hay muchas colonias que tienen bastantes d\u00e9cadas solicitando los servicios m\u00e1s b\u00e1sicos, como drenaje, \u00a0electrificaci\u00f3n, pavimentaci\u00f3n y agua, pero esta \u00faltima, no puede esperar. Por eso le estamos poniendo mucho empe\u00f1o para llevar agua a todos los rincones\u201d, acot\u00f3 al tiempo que reconoci\u00f3 que esta obra es el resultado del esfuerzo conjunto de los l\u00edderes y colonos con las autoridades municipales.<\/p>\n<p>En este tenor y ante la presencia tambi\u00e9n de los Regidores Alma Bahena Villalobos, German Ireta Lino, F\u00e9lix Madrigal Pulido y Salvador Arvizu Cisneros, Mart\u00ednez Alc\u00e1zar, manifest\u00f3 su inter\u00e9s por continuar respaldando a los representantes de las colonias que busquen el bienestar del grueso de la poblaci\u00f3n.<\/p>\n<p>\u201cVamos a apoyar a todos los l\u00edderes que realmente vean por la gente y que pongan en el centro un inter\u00e9s com\u00fan, como es el traer agua a las familias de esta zona de la ciudad; a los otros que se aprovechan de la gente, a esos no los respaldaremos y los quitaremos de en medio\u201d, asegur\u00f3.<\/p>\n<p>Asimismo, el Jefe de la Comuna Moreliana, precis\u00f3 que esta obra es la primera parte de una serie de acciones que ejecutar\u00e1 el Ayuntamiento capitalino para abastecer de agua al \u00e1rea Norponiente del municipio.<\/p>\n<p>Por su parte, el Director General del OOAPAS, Roberto Valenzuela, detall\u00f3 esta obra permitir\u00e1 abastecer a cuatro colonias de la zona Norponiente de la ciudad: Manuel Garc\u00eda Pueblita, Rancho las Flores, Ciudad Jard\u00edn (zona media alta) y Mirador Quinceo segunda etapa.<\/p>\n<p>Puntualiz\u00f3 que con una inversi\u00f3n cien por ciento municipal de 4.3 millones de pesos, el pozo tendr\u00e1 una profundidad 330 metros y permitir\u00e1 el flujo de 10 litros de agua por segundo, beneficiando a 30 mil personas. Refiri\u00f3 adem\u00e1s que este proyecto deriva de un estudio que se efectu\u00f3 de 25 sondeos, donde solo 5 resultaros con probabilidades de explotaci\u00f3n del vital l\u00edquido.<\/p>\n<p>En su oportunidad, Carlos Reyes, del Movimiento Social Revolucionario, destac\u00f3 \u00a0la voluntad y disposici\u00f3n del Presidente Municipal para que gran parte de los morelianos vivan mejor; \u201ces un gran logro donde se ver\u00e1n beneficiadas muchas familias de esta zona\u201d, afirm\u00f3.<\/p>\n<p>En este mismo sentido, los representantes Juan Llamas y Antonio Prads, reconocieron la sensibilidad del Ayuntamiento por hacer realidad esta obra que desde hace muchos a\u00f1os hab\u00edas solicitado a anteriores administraciones; \u201cse trata de una acci\u00f3n muy importante, que reivindica el compromiso del Alcalde con este derecho humano que es el agua\u201d.<\/p>\n","protected":false},"excerpt":{"rendered":"<p>Con el compromiso de ampliar la cobertura de servicios y en especial de abastecer del vital l\u00edquido a todos los rincones del municipio, el Presidente Municipal de Morelia, Alfonso Mart\u00ednez Alc\u00e1zar, encabez\u00f3 la ma\u00f1ana de ese lunes, una Visita de supervisi\u00f3n de obra del pozo Garc\u00eda Pueblita, que beneficiar\u00e1 a m\u00e1s de 30 mil habitantes [&hellip;]<\/p>\n","protected":false},"author":2,"featured_media":33835,"comment_status":"closed","ping_status":"closed","sticky":false,"template":"","format":"standard","meta":{"footnotes":""},"categories":[14,9],"tags":[],"class_list":["post-33834","post","type-post","status-publish","format-standard","has-post-thumbnail","hentry","category-destacadas","category-morelia"],"_links":{"self":[{"href":"https:\/\/radiowebmx.com\/nota\/wp-json\/wp\/v2\/posts\/33834","targetHints":{"allow":["GET"]}}],"collection":[{"href":"https:\/\/radiowebmx.com\/nota\/wp-json\/wp\/v2\/posts"}],"about":[{"href":"https:\/\/radiowebmx.com\/nota\/wp-json\/wp\/v2\/types\/post"}],"author":[{"embeddable":true,"href":"https:\/\/radiowebmx.com\/nota\/wp-json\/wp\/v2\/users\/2"}],"replies":[{"embeddable":true,"href":"https:\/\/radiowebmx.com\/nota\/wp-json\/wp\/v2\/comments?post=33834"}],"version-history":[{"count":1,"href":"https:\/\/radiowebmx.com\/nota\/wp-json\/wp\/v2\/posts\/33834\/revisions"}],"predecessor-version":[{"id":33836,"href":"https:\/\/radiowebmx.com\/nota\/wp-json\/wp\/v2\/posts\/33834\/revisions\/33836"}],"wp:featuredmedia":[{"embeddable":true,"href":"https:\/\/radiowebmx.com\/nota\/wp-json\/wp\/v2\/media\/33835"}],"wp:attachment":[{"href":"https:\/\/radiowebmx.com\/nota\/wp-json\/wp\/v2\/media?parent=33834"}],"wp:term":[{"taxonomy":"category","embeddable":true,"href":"https:\/\/radiowebmx.com\/nota\/wp-json\/wp\/v2\/categories?post=33834"},{"taxonomy":"post_tag","embeddable":true,"href":"https:\/\/radiowebmx.com\/nota\/wp-json\/wp\/v2\/tags?post=33834"}],"curies":[{"name":"wp","href":"https:\/\/api.w.org\/{rel}","templated":true}]}}