{"id":33826,"date":"2017-04-10T13:20:14","date_gmt":"2017-04-10T18:20:14","guid":{"rendered":"https:\/\/radiowebmx.com\/nota\/?p=33826"},"modified":"2017-04-10T13:20:14","modified_gmt":"2017-04-10T18:20:14","slug":"orden-y-eficacia-en-modelo-de-seguridad-de-morelia-andrea-villanueva","status":"publish","type":"post","link":"https:\/\/radiowebmx.com\/nota\/orden-y-eficacia-en-modelo-de-seguridad-de-morelia-andrea-villanueva\/","title":{"rendered":"Orden y eficacia en modelo de seguridad de Morelia: Andrea Villanueva"},"content":{"rendered":"<p class=\"x_MsoNormal\"><b>Morelia; Michoac\u00e1n, 07 de abril de 2017.-<\/b> Ante el temor social de ser v\u00edctima de un delito y el dif\u00edcil panorama al que se enfrentan los morelianos diariamente en materia de seguridad, la diputada del Distrito XVII, \u00a0<span id=\"0.3290668945855517\" class=\"highlight\">Andrea<\/span> Villanueva, en respuesta a la invitaci\u00f3n del presidente de FUCIDIM, Roberto Ram\u00edrez Delgado, visit\u00f3 el Centro de Atenci\u00f3n a V\u00edctimas de Tin\u00edjaro, con la finalidad de sumar esfuerzos en la consolidaci\u00f3n de un modelo eficaz de seguridad en Morelia.<\/p>\n<p class=\"x_MsoNormal\">Con la presencia del Comisionado para la Seguridad de la ciudad, Bernardo Le\u00f3n Olea y representantes de las Mesas de Seguridad y Justicia, la representante popular indic\u00f3 que luego de diversos recorridos que realiza por las colonias de la capital del estado, la sensaci\u00f3n de inseguridad y el temor al delito es una constante entre la ciudadan\u00eda, por lo que indic\u00f3 la urgencia de reordenar los esquemas y el modelo de seguridad a fin de brindar resultados m\u00e1s inmediatos.<\/p>\n<p class=\"x_MsoNormal\">\n<p class=\"x_MsoNormal\">Consider\u00f3 que en Morelia y en todo el estado, la poblaci\u00f3n mantiene altas expectativas sobre la eficacia de sus autoridades en la prevenci\u00f3n y atenci\u00f3n de los delitos, por lo que manifest\u00f3 su respaldo desde el Poder Legislativo para implementar los mecanismos legales pertinentes para prevenir pero sobre todo, disminuir la comisi\u00f3n de delitos.<\/p>\n<p class=\"x_MsoNormal\">\n<p class=\"x_MsoNormal\">Y es que de acuerdo a cifras de la Encuesta Nacional de Seguridad P\u00fablica Urbana (ENSU) 2016, en el pa\u00eds el 74.1 por ciento de la poblaci\u00f3n de 18 a\u00f1os y m\u00e1s consider\u00f3 que vivir en su ciudad es inseguro; mientras que para el caso de Morelia, super\u00f3 el rango nacional con un 76.6 por ciento de la poblaci\u00f3n que percibe inseguridad en la ciudad.<\/p>\n<p class=\"x_MsoNormal\">\n<p class=\"x_MsoNormal\">Asimismo, en el cuarto trimestre de ese a\u00f1o, la poblaci\u00f3n en nuestro pa\u00eds mencion\u00f3 haber visto o escuchado conductas delictivas o antisociales en los alrededores de su vivienda con un 66 por ciento de consumo de alcohol en las calles; 65.6 robos o asaltos; vandalismo 51.4 por ciento; venta o consumo de drogas 42.3 por ciento; bandas violentas o pandillerismo 34.7 por ciento y disparos frecuentes con armas 34 por ciento.<\/p>\n<p class=\"x_MsoNormal\">\n<p class=\"x_MsoNormal\">Ante este panorama, Villanueva Cano reiter\u00f3 su acompa\u00f1amiento para las acciones emprendidas por instancias como la Fundaci\u00f3n Ciudadana para el Desarrollo Integral de Michoac\u00e1n (FUCIDIM), as\u00ed como las autoridades de los tres \u00f3rdenes de gobierno a fin de revertir el crecimiento de la violencia \u00a0y concretar un modelo polic\u00edaco de proximidad, que se gane la confianza de la ciudadan\u00eda y que promueva la cultura de denuncia entre la poblaci\u00f3n.<\/p>\n<p class=\"x_MsoNormal\">\n<p class=\"x_MsoNormal\">Finalmente y con estos esfuerzos \u201clograremos como representantes ciudadanos, ser m\u00e1s eficientes, confiables y consolidar instituciones de vanguardia, que den resultados inmediatos y salvaguarden la tranquilidad de nuestras familias\u201d, concluy\u00f3.<\/p>\n","protected":false},"excerpt":{"rendered":"<p>Morelia; Michoac\u00e1n, 07 de abril de 2017.- Ante el temor social de ser v\u00edctima de un delito y el dif\u00edcil panorama al que se enfrentan los morelianos diariamente en materia de seguridad, la diputada del Distrito XVII, \u00a0Andrea Villanueva, en respuesta a la invitaci\u00f3n del presidente de FUCIDIM, Roberto Ram\u00edrez Delgado, visit\u00f3 el Centro de [&hellip;]<\/p>\n","protected":false},"author":2,"featured_media":33827,"comment_status":"closed","ping_status":"closed","sticky":false,"template":"","format":"standard","meta":{"footnotes":""},"categories":[6,14,8],"tags":[],"class_list":["post-33826","post","type-post","status-publish","format-standard","has-post-thumbnail","hentry","category-congreso-del-estado","category-destacadas","category-grupo-parlamentario-del-pan"],"_links":{"self":[{"href":"https:\/\/radiowebmx.com\/nota\/wp-json\/wp\/v2\/posts\/33826","targetHints":{"allow":["GET"]}}],"collection":[{"href":"https:\/\/radiowebmx.com\/nota\/wp-json\/wp\/v2\/posts"}],"about":[{"href":"https:\/\/radiowebmx.com\/nota\/wp-json\/wp\/v2\/types\/post"}],"author":[{"embeddable":true,"href":"https:\/\/radiowebmx.com\/nota\/wp-json\/wp\/v2\/users\/2"}],"replies":[{"embeddable":true,"href":"https:\/\/radiowebmx.com\/nota\/wp-json\/wp\/v2\/comments?post=33826"}],"version-history":[{"count":1,"href":"https:\/\/radiowebmx.com\/nota\/wp-json\/wp\/v2\/posts\/33826\/revisions"}],"predecessor-version":[{"id":33828,"href":"https:\/\/radiowebmx.com\/nota\/wp-json\/wp\/v2\/posts\/33826\/revisions\/33828"}],"wp:featuredmedia":[{"embeddable":true,"href":"https:\/\/radiowebmx.com\/nota\/wp-json\/wp\/v2\/media\/33827"}],"wp:attachment":[{"href":"https:\/\/radiowebmx.com\/nota\/wp-json\/wp\/v2\/media?parent=33826"}],"wp:term":[{"taxonomy":"category","embeddable":true,"href":"https:\/\/radiowebmx.com\/nota\/wp-json\/wp\/v2\/categories?post=33826"},{"taxonomy":"post_tag","embeddable":true,"href":"https:\/\/radiowebmx.com\/nota\/wp-json\/wp\/v2\/tags?post=33826"}],"curies":[{"name":"wp","href":"https:\/\/api.w.org\/{rel}","templated":true}]}}