{"id":33813,"date":"2017-04-10T12:42:55","date_gmt":"2017-04-10T17:42:55","guid":{"rendered":"https:\/\/radiowebmx.com\/nota\/?p=33813"},"modified":"2017-04-10T12:42:55","modified_gmt":"2017-04-10T17:42:55","slug":"regidores-revisan-servicios-para-grupo-vulnerables-que-ofrece-el-ayuntamiento-de-morelia","status":"publish","type":"post","link":"https:\/\/radiowebmx.com\/nota\/regidores-revisan-servicios-para-grupo-vulnerables-que-ofrece-el-ayuntamiento-de-morelia\/","title":{"rendered":"Regidores revisan servicios para grupo vulnerables que ofrece el Ayuntamiento de Morelia"},"content":{"rendered":"<p><a href=\"https:\/\/radiowebmx.com\/nota\/wp-content\/uploads\/2017\/04\/3f559544-565b-4c9a-9e46-b237c5135918.jpg\"><img loading=\"lazy\" decoding=\"async\" class=\"alignnone size-medium wp-image-33814\" src=\"https:\/\/radiowebmx.com\/nota\/wp-content\/uploads\/2017\/04\/3f559544-565b-4c9a-9e46-b237c5135918-595x393.jpg\" alt=\"\" width=\"595\" height=\"393\" srcset=\"https:\/\/radiowebmx.com\/nota\/wp-content\/uploads\/2017\/04\/3f559544-565b-4c9a-9e46-b237c5135918-595x393.jpg 595w, https:\/\/radiowebmx.com\/nota\/wp-content\/uploads\/2017\/04\/3f559544-565b-4c9a-9e46-b237c5135918.jpg 709w\" sizes=\"auto, (max-width: 595px) 100vw, 595px\" \/><\/a><\/p>\n<p>Con la finalidad de dar seguimiento puntual a las acciones que la Administraci\u00f3n Municipal ofrece a diferentes sectores de la poblaci\u00f3n moreliana, la Comisi\u00f3n Especial de Atenci\u00f3n a Grupos Vulnerables que coordina la\u00a0 Regidora, Claudia Leticia L\u00e1zaro Medina se reuni\u00f3 con personal del DIF Municipal para abordar los detalles de los\u00a0 diferentes programas que maneja la dependencia en cuesti\u00f3n.<\/p>\n<p>En este sentido, la encargada de despacho de la Direcci\u00f3n del \u00a0DIF en Morelia, Melissa V\u00e1squez P\u00e9rez expuso ante los integrantes de esta \u00e1rea de Cabildo las labores que el municipio realiza con programas de becas escolares, autoempleo, asistencia social, desayunos escolares y adultos mayores.<\/p>\n<p>Este \u00faltimo fue tema central de la reuni\u00f3n convocada con los Regidores, Claudia L\u00e1zaro, Alma Bahena Villalobos y Fernando Santiago Rodr\u00edguez Herrej\u00f3n. En este sentido se platicaron de los programas que hay en favor de adultos mayores, ya sea en la Casa de los Abuelos \u201cMiguel Hidalgo\u201d y \u00a0en la Estancia Diurna \u00a0del Adulto Mayor (EDAM), en donde se les da atenci\u00f3n psicol\u00f3gica, dental, podolog\u00eda, entre otros.<\/p>\n<p>En otro orden de ideas, en esta mesa de trabajo tambi\u00e9n se abord\u00f3 la presentaci\u00f3n del proyecto por la Presidenta de Autismo UEMBEKUA A.C., con el objetivo de dar atenci\u00f3n a este sector de la poblaci\u00f3n y establecer un v\u00ednculo de trabajo con el Ayuntamiento.<\/p>\n<p>Una de las metas a emprender esta labor en coordinaci\u00f3n Gobierno Municipal y ciudadan\u00eda, es dar a conocer los s\u00edntomas para la detecci\u00f3n temprana de este trastorno psicol\u00f3gico, el cual puede ser desde los 6 meses de edad, as\u00ed como reconocer el neurodesarollo normal de un infante, as\u00ed como brindar terapias que doten una mejor calidad de vida.<\/p>\n<p>De esta manera, la Comisi\u00f3n Especial de Atenci\u00f3n a Grupos Vulnerables avanza en el respaldo de acciones que permitan a estos sectores de la poblaci\u00f3n moreliana tener una mejor calidad de vida y hacer una revisi\u00f3n puntual de las dependencias municipales que tienen trabajos al respecto.<\/p>\n","protected":false},"excerpt":{"rendered":"<p>Con la finalidad de dar seguimiento puntual a las acciones que la Administraci\u00f3n Municipal ofrece a diferentes sectores de la poblaci\u00f3n moreliana, la Comisi\u00f3n Especial de Atenci\u00f3n a Grupos Vulnerables que coordina la\u00a0 Regidora, Claudia Leticia L\u00e1zaro Medina se reuni\u00f3 con personal del DIF Municipal para abordar los detalles de los\u00a0 diferentes programas que maneja [&hellip;]<\/p>\n","protected":false},"author":2,"featured_media":33814,"comment_status":"closed","ping_status":"closed","sticky":false,"template":"","format":"standard","meta":{"footnotes":""},"categories":[14,9],"tags":[],"class_list":["post-33813","post","type-post","status-publish","format-standard","has-post-thumbnail","hentry","category-destacadas","category-morelia"],"_links":{"self":[{"href":"https:\/\/radiowebmx.com\/nota\/wp-json\/wp\/v2\/posts\/33813","targetHints":{"allow":["GET"]}}],"collection":[{"href":"https:\/\/radiowebmx.com\/nota\/wp-json\/wp\/v2\/posts"}],"about":[{"href":"https:\/\/radiowebmx.com\/nota\/wp-json\/wp\/v2\/types\/post"}],"author":[{"embeddable":true,"href":"https:\/\/radiowebmx.com\/nota\/wp-json\/wp\/v2\/users\/2"}],"replies":[{"embeddable":true,"href":"https:\/\/radiowebmx.com\/nota\/wp-json\/wp\/v2\/comments?post=33813"}],"version-history":[{"count":1,"href":"https:\/\/radiowebmx.com\/nota\/wp-json\/wp\/v2\/posts\/33813\/revisions"}],"predecessor-version":[{"id":33815,"href":"https:\/\/radiowebmx.com\/nota\/wp-json\/wp\/v2\/posts\/33813\/revisions\/33815"}],"wp:featuredmedia":[{"embeddable":true,"href":"https:\/\/radiowebmx.com\/nota\/wp-json\/wp\/v2\/media\/33814"}],"wp:attachment":[{"href":"https:\/\/radiowebmx.com\/nota\/wp-json\/wp\/v2\/media?parent=33813"}],"wp:term":[{"taxonomy":"category","embeddable":true,"href":"https:\/\/radiowebmx.com\/nota\/wp-json\/wp\/v2\/categories?post=33813"},{"taxonomy":"post_tag","embeddable":true,"href":"https:\/\/radiowebmx.com\/nota\/wp-json\/wp\/v2\/tags?post=33813"}],"curies":[{"name":"wp","href":"https:\/\/api.w.org\/{rel}","templated":true}]}}