{"id":3381,"date":"2013-08-07T10:34:05","date_gmt":"2013-08-07T15:34:05","guid":{"rendered":"https:\/\/radiowebmx.com\/nota\/?p=3381"},"modified":"2013-09-02T13:37:28","modified_gmt":"2013-09-02T18:37:28","slug":"clausura-ssp-curso-de-capacitacion-sobe-el-nsjp","status":"publish","type":"post","link":"https:\/\/radiowebmx.com\/nota\/clausura-ssp-curso-de-capacitacion-sobe-el-nsjp\/","title":{"rendered":"Clausura SSP curso de capacitaci\u00f3n sobe el NSJP"},"content":{"rendered":"<p><a href=\"https:\/\/radiowebmx.com\/nota\/wp-content\/uploads\/2013\/08\/nsjp-02.jpg\"><img loading=\"lazy\" decoding=\"async\" class=\"alignleft size-full wp-image-3382\" alt=\"nsjp 02\" src=\"https:\/\/radiowebmx.com\/nota\/wp-content\/uploads\/2013\/08\/nsjp-02.jpg\" width=\"2816\" height=\"1584\" \/><\/a>Ante el conocimiento de que el nuevo sistema acusatorio es una prioridad para garantizar a la poblaci\u00f3n acceso expedito y transparente a la justicia, cuyo v\u00e9rtice sean los derechos humanos, la Secretar\u00eda de Seguridad P\u00fablica concluy\u00f3 la capacitaci\u00f3n de 104 elementos e inicia la formaci\u00f3n de 90 personas m\u00e1s.<\/p>\n<p>Durante la ceremonia de clausura, que encabez\u00f3 el General Brigadier Alberto Reyes Vaca en el Instituto Estatal de Formaci\u00f3n Policial (IEFP), se realiz\u00f3 la entrega de constancia a 35 polic\u00edas preventivos, 44 custodios y 25 elementos de Protecci\u00f3n Civil, con el fin de que la instituci\u00f3n cuente con todo su personal capacitado en el Nuevo Sistema de Justicia Penal (NSJP) que entrar\u00e1 en vigor en 2014.<\/p>\n<p>Ante la secretaria ejecutiva del Consejo para el Nuevo sistema de justicia penal, Mar\u00eda de los \u00c1ngeles Llanderal Zaragoza, el secretario de Seguridad P\u00fablica, Alberto Reyes Vaca, resalt\u00f3 que la profesionalizaci\u00f3n del personal es una tarea imprescindible que no puede quedar s\u00f3lo en un discurso, de ah\u00ed que se han girado instrucciones a la direcci\u00f3n del Instituto Estatal de Formaci\u00f3n Policial para fortalecer e implementar los procesos de capacitaci\u00f3n que sean necesarios para que las y los servidores p\u00fablicos de la Secretar\u00eda tengan bases s\u00f3lidas para que su desempe\u00f1o responda a las expectativas de la ciudadan\u00eda.<\/p>\n<p>Agreg\u00f3 que para la instituci\u00f3n, el modelo acusatorio representa el reto de capacitar y formar a los operadores, hablando de la Polic\u00eda Estatal, personal de custodia y param\u00e9dicos de Protecci\u00f3n Civil, adem\u00e1s de otras \u00e1reas de la Secretar\u00eda que directa e indirectamente habr\u00e1n de sujetar su actuar a las normas que trae consigo el Nuevo Sistema.<\/p>\n<p>Destac\u00f3 que actualmente existe una coordinaci\u00f3n estrecha con el Consejo de coordinaci\u00f3n para la implementaci\u00f3n, evaluaci\u00f3n y seguimiento del Nuevo sistema de justicia penal, para hacer realidad este proceso de capacitaci\u00f3n.<\/p>\n<p>Finalmente mencion\u00f3 que la presencia de ponentes con destacada trayectoria, son un claro ejemplo de la calidad y nivel de formaci\u00f3n que el mismo consejo ha definido \u00a0para \u00a0que \u00a0la \u00a0Secretar\u00eda \u00a0de \u00a0Seguridad \u00a0\u00a0P\u00fablica \u00a0est\u00e9 \u00a0a \u00a0la \u00a0altura de las<\/p>\n<p>&nbsp;<\/p>\n<p>&nbsp;<\/p>\n<p>circunstancias una vez que entren en vigor estas nuevas disposiciones constitucionales.<\/p>\n<p>Por su parte, la directora del Instituto Estatal de Formaci\u00f3n Policial, puntualiz\u00f3 que en un periodo de cinco semanas, el personal operativo de la secretar\u00eda fue capacitado de lunes a viernes, en un horario de 9:00 a 18:00 horas, en siete temas de acuerdo al antecedente y fin del proceso, bajo la consideraci\u00f3n de que la seguridad se ve reforzada no s\u00f3lo con nuevos polic\u00edas, armas o herramientas de trabajo, sino tambi\u00e9n aplicando recursos en educaci\u00f3n, profesionalizaci\u00f3n y capacitaci\u00f3n de los elementos.<\/p>\n<p>En ese sentir, con la presencia de la secretaria ejecutiva del Consejo para el Nuevo sistema de justicia penal, Mar\u00eda de los \u00c1ngeles Llanderal Zaragoza,\u00a0 se dio inicio a esta profesionalizaci\u00f3n de 45 polic\u00edas preventivos y 45 de Protecci\u00f3n Civil, quienes ser\u00e1n capacitados en el fortalecimiento de la actualizaci\u00f3n policial y en la prevenci\u00f3n del delito, as\u00ed como en el Sistema penal acusatorio y juicios orales.<\/p>\n<p>En raz\u00f3n de esto, el secretario de Seguridad P\u00fablica acompa\u00f1ado de la titular del IEFP, Dora Mar\u00eda Rivera Contreras y de la directora de la Academia Regional de Seguridad P\u00fablica de Occidente, Ma. Del Carmen Torres Santos, entre otras personalidades, procedieron a la entrega de certificados de Polic\u00eda Acreditable, resaltando que a la fecha la SSP ha acreditado a 225 polic\u00edas estatales, as\u00ed como a 130 custodios.<\/p>\n","protected":false},"excerpt":{"rendered":"<p>Ante el conocimiento de que el nuevo sistema acusatorio es una prioridad para garantizar a la poblaci\u00f3n acceso expedito y transparente a la justicia, cuyo v\u00e9rtice sean los derechos humanos,<\/p>\n","protected":false},"author":1,"featured_media":0,"comment_status":"open","ping_status":"open","sticky":false,"template":"","format":"standard","meta":{"footnotes":""},"categories":[14,3],"tags":[],"class_list":["post-3381","post","type-post","status-publish","format-standard","hentry","category-destacadas","category-gobierno-del-estado-de-michoacan"],"_links":{"self":[{"href":"https:\/\/radiowebmx.com\/nota\/wp-json\/wp\/v2\/posts\/3381","targetHints":{"allow":["GET"]}}],"collection":[{"href":"https:\/\/radiowebmx.com\/nota\/wp-json\/wp\/v2\/posts"}],"about":[{"href":"https:\/\/radiowebmx.com\/nota\/wp-json\/wp\/v2\/types\/post"}],"author":[{"embeddable":true,"href":"https:\/\/radiowebmx.com\/nota\/wp-json\/wp\/v2\/users\/1"}],"replies":[{"embeddable":true,"href":"https:\/\/radiowebmx.com\/nota\/wp-json\/wp\/v2\/comments?post=3381"}],"version-history":[{"count":2,"href":"https:\/\/radiowebmx.com\/nota\/wp-json\/wp\/v2\/posts\/3381\/revisions"}],"predecessor-version":[{"id":3778,"href":"https:\/\/radiowebmx.com\/nota\/wp-json\/wp\/v2\/posts\/3381\/revisions\/3778"}],"wp:attachment":[{"href":"https:\/\/radiowebmx.com\/nota\/wp-json\/wp\/v2\/media?parent=3381"}],"wp:term":[{"taxonomy":"category","embeddable":true,"href":"https:\/\/radiowebmx.com\/nota\/wp-json\/wp\/v2\/categories?post=3381"},{"taxonomy":"post_tag","embeddable":true,"href":"https:\/\/radiowebmx.com\/nota\/wp-json\/wp\/v2\/tags?post=3381"}],"curies":[{"name":"wp","href":"https:\/\/api.w.org\/{rel}","templated":true}]}}