{"id":33758,"date":"2017-04-07T21:43:31","date_gmt":"2017-04-08T02:43:31","guid":{"rendered":"https:\/\/radiowebmx.com\/nota\/?p=33758"},"modified":"2017-04-10T10:46:17","modified_gmt":"2017-04-10T15:46:17","slug":"obras-mejoraran-desarrollo-urbano-y-movilidad-de-morelia-alfonso-martinez","status":"publish","type":"post","link":"https:\/\/radiowebmx.com\/nota\/obras-mejoraran-desarrollo-urbano-y-movilidad-de-morelia-alfonso-martinez\/","title":{"rendered":"Obras mejorar\u00e1n desarrollo urbano y movilidad de Morelia: Alfonso Mart\u00ednez"},"content":{"rendered":"<p><a href=\"https:\/\/radiowebmx.com\/nota\/wp-content\/uploads\/2017\/04\/f59e0b27-24c9-4e0a-9dc1-5a7b139f27c8.jpeg\"><img loading=\"lazy\" decoding=\"async\" class=\"alignnone size-medium wp-image-33759\" src=\"https:\/\/radiowebmx.com\/nota\/wp-content\/uploads\/2017\/04\/f59e0b27-24c9-4e0a-9dc1-5a7b139f27c8-595x396.jpeg\" alt=\"\" width=\"595\" height=\"396\" srcset=\"https:\/\/radiowebmx.com\/nota\/wp-content\/uploads\/2017\/04\/f59e0b27-24c9-4e0a-9dc1-5a7b139f27c8-595x396.jpeg 595w, https:\/\/radiowebmx.com\/nota\/wp-content\/uploads\/2017\/04\/f59e0b27-24c9-4e0a-9dc1-5a7b139f27c8.jpeg 709w\" sizes=\"auto, (max-width: 595px) 100vw, 595px\" \/><\/a><\/p>\n<p>El Presidente Municipal de Morelia, Alfonso Mart\u00ednez Alc\u00e1zar, encabez\u00f3 este viernes una nueva jornada del programa Presidente en tu Colonia, en la Gertrudis S\u00e1nchez, donde acompa\u00f1ado del Gabinete Municipal y los vecinos del lugar, pidi\u00f3 a la poblaci\u00f3n paciencia respecto al in\u00e9dito n\u00famero de obras realizadas simult\u00e1neamente en la capital michoacana las cuales mejorar\u00e1n significativamente el desarrollo urbano y la movilidad de la ciudad.<\/p>\n<p>\u201cA m\u00ed me pidieron obra, yo les pido paciencia para terminar esas obras, por supuesto que hay molestia pero es una situaci\u00f3n temporal que en un breve corto plazo comenzar\u00e1 a otorgar beneficios permanentes\u201d, subray\u00f3.<\/p>\n<p>Mart\u00ednez Alc\u00e1zar agreg\u00f3 que poco a poco la Administraci\u00f3n Municipal ha respondido al rezago de obras que a lo largo de los a\u00f1os hab\u00eda evidenciado Morelia, situaci\u00f3n que se ha atendido con diversas obras a lo largo de la capital, no s\u00f3lo en la cabecera, sino tambi\u00e9n en las comunidades.<\/p>\n<p>Puntualiz\u00f3 que la esencia del programa Presidente en tu Colonia es atender a la ciudadan\u00eda, intentando resolver la mayor cantidad de problem\u00e1ticas posibles.<\/p>\n<p>En este tenor, el Jefe de la Comuna Moreliana escuch\u00f3 a decenas de habitantes de la Colonia Gertrudis S\u00e1nchez, acompa\u00f1ado de Secretarios, Directores y Jefes de Departamento, quienes de primera mano establecieron una agenda inmediata a las peticiones ciudadanas.<\/p>\n<p>Tres unidades m\u00f3viles, atenci\u00f3n m\u00e9dica, higiene, seguridad, balizamiento de calles, poda de \u00e1rboles, asesor\u00eda familiar, pruebas de salud y m\u00e1s servicios, se brindaron a lo largo de la jornada iniciada alrededor del mediod\u00eda de este viernes y prolong\u00e1ndose hasta la noche.<\/p>\n","protected":false},"excerpt":{"rendered":"<p>El Presidente Municipal de Morelia, Alfonso Mart\u00ednez Alc\u00e1zar, encabez\u00f3 este viernes una nueva jornada del programa Presidente en tu Colonia, en la Gertrudis S\u00e1nchez, donde acompa\u00f1ado del Gabinete Municipal y los vecinos del lugar, pidi\u00f3 a la poblaci\u00f3n paciencia respecto al in\u00e9dito n\u00famero de obras realizadas simult\u00e1neamente en la capital michoacana las cuales mejorar\u00e1n significativamente [&hellip;]<\/p>\n","protected":false},"author":2,"featured_media":33759,"comment_status":"closed","ping_status":"closed","sticky":false,"template":"","format":"standard","meta":{"footnotes":""},"categories":[14,9],"tags":[],"class_list":["post-33758","post","type-post","status-publish","format-standard","has-post-thumbnail","hentry","category-destacadas","category-morelia"],"_links":{"self":[{"href":"https:\/\/radiowebmx.com\/nota\/wp-json\/wp\/v2\/posts\/33758","targetHints":{"allow":["GET"]}}],"collection":[{"href":"https:\/\/radiowebmx.com\/nota\/wp-json\/wp\/v2\/posts"}],"about":[{"href":"https:\/\/radiowebmx.com\/nota\/wp-json\/wp\/v2\/types\/post"}],"author":[{"embeddable":true,"href":"https:\/\/radiowebmx.com\/nota\/wp-json\/wp\/v2\/users\/2"}],"replies":[{"embeddable":true,"href":"https:\/\/radiowebmx.com\/nota\/wp-json\/wp\/v2\/comments?post=33758"}],"version-history":[{"count":1,"href":"https:\/\/radiowebmx.com\/nota\/wp-json\/wp\/v2\/posts\/33758\/revisions"}],"predecessor-version":[{"id":33760,"href":"https:\/\/radiowebmx.com\/nota\/wp-json\/wp\/v2\/posts\/33758\/revisions\/33760"}],"wp:featuredmedia":[{"embeddable":true,"href":"https:\/\/radiowebmx.com\/nota\/wp-json\/wp\/v2\/media\/33759"}],"wp:attachment":[{"href":"https:\/\/radiowebmx.com\/nota\/wp-json\/wp\/v2\/media?parent=33758"}],"wp:term":[{"taxonomy":"category","embeddable":true,"href":"https:\/\/radiowebmx.com\/nota\/wp-json\/wp\/v2\/categories?post=33758"},{"taxonomy":"post_tag","embeddable":true,"href":"https:\/\/radiowebmx.com\/nota\/wp-json\/wp\/v2\/tags?post=33758"}],"curies":[{"name":"wp","href":"https:\/\/api.w.org\/{rel}","templated":true}]}}