{"id":33745,"date":"2017-04-07T18:55:15","date_gmt":"2017-04-07T23:55:15","guid":{"rendered":"https:\/\/radiowebmx.com\/nota\/?p=33745"},"modified":"2017-04-10T10:36:50","modified_gmt":"2017-04-10T15:36:50","slug":"inicia-seleccion-de-embajadora-expo-fiesta-michoacan-2017","status":"publish","type":"post","link":"https:\/\/radiowebmx.com\/nota\/inicia-seleccion-de-embajadora-expo-fiesta-michoacan-2017\/","title":{"rendered":"Inicia selecci\u00f3n de Embajadora Expo Fiesta Michoac\u00e1n 2017"},"content":{"rendered":"<p><a href=\"https:\/\/radiowebmx.com\/nota\/wp-content\/uploads\/2017\/04\/b1a7c599-3040-46a9-953b-5cf01c513209.jpeg\"><img loading=\"lazy\" decoding=\"async\" class=\"alignnone size-medium wp-image-33746\" src=\"https:\/\/radiowebmx.com\/nota\/wp-content\/uploads\/2017\/04\/b1a7c599-3040-46a9-953b-5cf01c513209-595x334.jpeg\" alt=\"\" width=\"595\" height=\"334\" srcset=\"https:\/\/radiowebmx.com\/nota\/wp-content\/uploads\/2017\/04\/b1a7c599-3040-46a9-953b-5cf01c513209-595x334.jpeg 595w, https:\/\/radiowebmx.com\/nota\/wp-content\/uploads\/2017\/04\/b1a7c599-3040-46a9-953b-5cf01c513209-284x158.jpeg 284w, https:\/\/radiowebmx.com\/nota\/wp-content\/uploads\/2017\/04\/b1a7c599-3040-46a9-953b-5cf01c513209-642x362.jpeg 642w, https:\/\/radiowebmx.com\/nota\/wp-content\/uploads\/2017\/04\/b1a7c599-3040-46a9-953b-5cf01c513209-128x72.jpeg 128w, https:\/\/radiowebmx.com\/nota\/wp-content\/uploads\/2017\/04\/b1a7c599-3040-46a9-953b-5cf01c513209.jpeg 709w\" sizes=\"auto, (max-width: 595px) 100vw, 595px\" \/><\/a><\/p>\n<p><strong>Morelia, Michoac\u00e1n, a 7 de abril del 2017.-<\/strong> Con la participaci\u00f3n de 30 jovencitas representantes de la belleza y talento de municipios como Uruapan, P\u00e1tzcuaro, Morelia, Hidalgo, Indaparapeo, Zit\u00e1cuaro, entre otros, este viernes dio inicio el certamen para la selecci\u00f3n de la Embajadora de la Expo Fiesta Michoac\u00e1n 2017.<\/p>\n<p>&nbsp;<\/p>\n<p>La mesa del jurado calificador estuvo integrada por Edgar Escobedo, director de Mr. M\u00e9xico; Mariana Sosa, consultora en comunicaci\u00f3n y marketing; C\u00e9sar Osuna Belmonte, vicepresidente de la plataforma CBTV; Andrea Ju\u00e1rez, coordinadora de Miss Michoac\u00e1n y Nayibi Villareal, dise\u00f1adora oficial de Miss Michoac\u00e1n, todos ellos acompa\u00f1ados de Nefertari Gonz\u00e1lez, Miss Michoac\u00e1n 2016.<\/p>\n<p>&nbsp;<\/p>\n<p>Despu\u00e9s de su presentaci\u00f3n, la pasarela en vestido de coctel y en traje de ba\u00f1o, fueron seleccionadas cinco aspirantes: Yvonne Torres Alc\u00e1ntara de Morelia, Kenia Elizabeth Hern\u00e1ndez de La Piedad, Claudia Fabiola Arias Hern\u00e1ndez de Ciudad Hidalgo, Mar\u00eda Guadalupe Soto Soto de Zit\u00e1cuaro y Guadalupe Rubio Guzm\u00e1n de Indaparapeo.<\/p>\n<p>&nbsp;<\/p>\n<p>En pr\u00f3ximos d\u00edas se dar\u00e1 a conocer qui\u00e9n de las cinco semifinalistas ser\u00e1 la nueva Embajadora de la Expo Fiesta Michoac\u00e1n 2017.<\/p>\n<p>&nbsp;<\/p>\n<p>La informaci\u00f3n oficial sobre la Expo Fiesta Michoac\u00e1n 2017 s\u00f3lo es difundida en el portal de Internet http:\/\/www.expofiestamichoacan.mx\/, en el Twitter @ExpoFiestaMich y en el perfil de Facebook www.facebook.com\/ExpofiestaMich.<\/p>\n","protected":false},"excerpt":{"rendered":"<p>Morelia, Michoac\u00e1n, a 7 de abril del 2017.- Con la participaci\u00f3n de 30 jovencitas representantes de la belleza y talento de municipios como Uruapan, P\u00e1tzcuaro, Morelia, Hidalgo, Indaparapeo, Zit\u00e1cuaro, entre otros, este viernes dio inicio el certamen para la selecci\u00f3n de la Embajadora de la Expo Fiesta Michoac\u00e1n 2017. &nbsp; La mesa del jurado calificador [&hellip;]<\/p>\n","protected":false},"author":2,"featured_media":33746,"comment_status":"closed","ping_status":"closed","sticky":false,"template":"","format":"standard","meta":{"footnotes":""},"categories":[14,9],"tags":[],"class_list":["post-33745","post","type-post","status-publish","format-standard","has-post-thumbnail","hentry","category-destacadas","category-morelia"],"_links":{"self":[{"href":"https:\/\/radiowebmx.com\/nota\/wp-json\/wp\/v2\/posts\/33745","targetHints":{"allow":["GET"]}}],"collection":[{"href":"https:\/\/radiowebmx.com\/nota\/wp-json\/wp\/v2\/posts"}],"about":[{"href":"https:\/\/radiowebmx.com\/nota\/wp-json\/wp\/v2\/types\/post"}],"author":[{"embeddable":true,"href":"https:\/\/radiowebmx.com\/nota\/wp-json\/wp\/v2\/users\/2"}],"replies":[{"embeddable":true,"href":"https:\/\/radiowebmx.com\/nota\/wp-json\/wp\/v2\/comments?post=33745"}],"version-history":[{"count":2,"href":"https:\/\/radiowebmx.com\/nota\/wp-json\/wp\/v2\/posts\/33745\/revisions"}],"predecessor-version":[{"id":33748,"href":"https:\/\/radiowebmx.com\/nota\/wp-json\/wp\/v2\/posts\/33745\/revisions\/33748"}],"wp:featuredmedia":[{"embeddable":true,"href":"https:\/\/radiowebmx.com\/nota\/wp-json\/wp\/v2\/media\/33746"}],"wp:attachment":[{"href":"https:\/\/radiowebmx.com\/nota\/wp-json\/wp\/v2\/media?parent=33745"}],"wp:term":[{"taxonomy":"category","embeddable":true,"href":"https:\/\/radiowebmx.com\/nota\/wp-json\/wp\/v2\/categories?post=33745"},{"taxonomy":"post_tag","embeddable":true,"href":"https:\/\/radiowebmx.com\/nota\/wp-json\/wp\/v2\/tags?post=33745"}],"curies":[{"name":"wp","href":"https:\/\/api.w.org\/{rel}","templated":true}]}}