{"id":33737,"date":"2017-04-07T13:50:01","date_gmt":"2017-04-07T18:50:01","guid":{"rendered":"https:\/\/radiowebmx.com\/nota\/?p=33737"},"modified":"2017-04-10T10:23:54","modified_gmt":"2017-04-10T15:23:54","slug":"con-mensaje-de-paz-finaliza-sectorial-de-jornada-academica-cultural-y-deportiva-del-cobaem","status":"publish","type":"post","link":"https:\/\/radiowebmx.com\/nota\/con-mensaje-de-paz-finaliza-sectorial-de-jornada-academica-cultural-y-deportiva-del-cobaem\/","title":{"rendered":"Con mensaje de paz, finaliza sectorial de Jornada Acad\u00e9mica, Cultural y Deportiva del Cobaem"},"content":{"rendered":"<p><a href=\"https:\/\/radiowebmx.com\/nota\/wp-content\/uploads\/2017\/04\/17d39006-e2bd-4a91-84fc-829b5df5e34f.jpg\"><img loading=\"lazy\" decoding=\"async\" class=\"alignnone size-medium wp-image-33738\" src=\"https:\/\/radiowebmx.com\/nota\/wp-content\/uploads\/2017\/04\/17d39006-e2bd-4a91-84fc-829b5df5e34f-595x396.jpg\" alt=\"\" width=\"595\" height=\"396\" srcset=\"https:\/\/radiowebmx.com\/nota\/wp-content\/uploads\/2017\/04\/17d39006-e2bd-4a91-84fc-829b5df5e34f-595x396.jpg 595w, https:\/\/radiowebmx.com\/nota\/wp-content\/uploads\/2017\/04\/17d39006-e2bd-4a91-84fc-829b5df5e34f.jpg 709w\" sizes=\"auto, (max-width: 595px) 100vw, 595px\" \/><\/a><\/p>\n<p><strong>Morelia, Michoac\u00e1n, a 7 de abril de 2017.-<\/strong>\u00a0Generando conciencia a las y los j\u00f3venes de lo que significa vivir en paz, el Colegio de Bachilleres del Estado de Michoac\u00e1n (Cobaem) cerr\u00f3 la etapa sectorial de la XXXIII Jornada Acad\u00e9mica, Cultural y Deportiva.<\/p>\n<p>&nbsp;<\/p>\n<p>El director general del subsistema, Alejandro Bustos Aguilar, destac\u00f3 que el Cobaem tiene como misi\u00f3n el respeto a los derechos humanos, el reconocimiento a la diversidad e interculturalidad, a la erradicaci\u00f3n de la violencia, \u201cy estas jornadas son un espacio perfecto para que nuestras y nuestros estudiantes convivan y trabajen en una cultura de paz\u201d.<\/p>\n<p>&nbsp;<\/p>\n<p>Durante esta semana las coordinaciones sectoriales 3, con sede en Morelia; 5, con sede en Uruapan, y 2, con sede en Apatzing\u00e1n, llevaron a cabo sus jornadas en los municipios de Morelos, Uruapan y Par\u00e1cuaro, respectivamente.<\/p>\n<p>&nbsp;<\/p>\n<p>Bustos Aguilar asegur\u00f3 que las Jornadas Acad\u00e9micas, Culturales y Deportivas son una fiesta para la comunidad Cobaem, y que el trabajo que realizan los docentes, orientadores e instructores es de gran reconocimiento.<\/p>\n<p>&nbsp;<\/p>\n<p>Exhort\u00f3 a las y los estudiantes a continuar hacia adelante basados en el respeto y el trabajo en pro de los derechos humanos.<\/p>\n<p>&nbsp;<\/p>\n<p>Cabe destacar que durante la etapa sectorial las y los estudiantes dan muestra de sus destrezas y habilidades aprendidas en los centros educativos, con la visi\u00f3n de ser part\u00edcipes de la etapa estatal, misma que tendr\u00e1 lugar en Morelia los d\u00edas 24, 25 y 26 de mayo pr\u00f3ximo.<\/p>\n","protected":false},"excerpt":{"rendered":"<p>Morelia, Michoac\u00e1n, a 7 de abril de 2017.-\u00a0Generando conciencia a las y los j\u00f3venes de lo que significa vivir en paz, el Colegio de Bachilleres del Estado de Michoac\u00e1n (Cobaem) cerr\u00f3 la etapa sectorial de la XXXIII Jornada Acad\u00e9mica, Cultural y Deportiva. &nbsp; El director general del subsistema, Alejandro Bustos Aguilar, destac\u00f3 que el Cobaem [&hellip;]<\/p>\n","protected":false},"author":2,"featured_media":33738,"comment_status":"closed","ping_status":"closed","sticky":false,"template":"","format":"standard","meta":{"footnotes":""},"categories":[14,3],"tags":[],"class_list":["post-33737","post","type-post","status-publish","format-standard","has-post-thumbnail","hentry","category-destacadas","category-gobierno-del-estado-de-michoacan"],"_links":{"self":[{"href":"https:\/\/radiowebmx.com\/nota\/wp-json\/wp\/v2\/posts\/33737","targetHints":{"allow":["GET"]}}],"collection":[{"href":"https:\/\/radiowebmx.com\/nota\/wp-json\/wp\/v2\/posts"}],"about":[{"href":"https:\/\/radiowebmx.com\/nota\/wp-json\/wp\/v2\/types\/post"}],"author":[{"embeddable":true,"href":"https:\/\/radiowebmx.com\/nota\/wp-json\/wp\/v2\/users\/2"}],"replies":[{"embeddable":true,"href":"https:\/\/radiowebmx.com\/nota\/wp-json\/wp\/v2\/comments?post=33737"}],"version-history":[{"count":1,"href":"https:\/\/radiowebmx.com\/nota\/wp-json\/wp\/v2\/posts\/33737\/revisions"}],"predecessor-version":[{"id":33739,"href":"https:\/\/radiowebmx.com\/nota\/wp-json\/wp\/v2\/posts\/33737\/revisions\/33739"}],"wp:featuredmedia":[{"embeddable":true,"href":"https:\/\/radiowebmx.com\/nota\/wp-json\/wp\/v2\/media\/33738"}],"wp:attachment":[{"href":"https:\/\/radiowebmx.com\/nota\/wp-json\/wp\/v2\/media?parent=33737"}],"wp:term":[{"taxonomy":"category","embeddable":true,"href":"https:\/\/radiowebmx.com\/nota\/wp-json\/wp\/v2\/categories?post=33737"},{"taxonomy":"post_tag","embeddable":true,"href":"https:\/\/radiowebmx.com\/nota\/wp-json\/wp\/v2\/tags?post=33737"}],"curies":[{"name":"wp","href":"https:\/\/api.w.org\/{rel}","templated":true}]}}