{"id":3373,"date":"2013-08-06T10:07:16","date_gmt":"2013-08-06T15:07:16","guid":{"rendered":"https:\/\/radiowebmx.com\/nota\/?p=3373"},"modified":"2013-08-06T10:16:25","modified_gmt":"2013-08-06T15:16:25","slug":"instalan-consejo-tecnico-para-facilitar-los-tramites-de-adopcion-y-proteger-a-los-menores","status":"publish","type":"post","link":"https:\/\/radiowebmx.com\/nota\/instalan-consejo-tecnico-para-facilitar-los-tramites-de-adopcion-y-proteger-a-los-menores\/","title":{"rendered":"INSTALAN CONSEJO T\u00c9CNICO PARA FACILITAR LOS TR\u00c1MITES DE ADOPCI\u00d3N Y PROTEGER A LOS MENORES"},"content":{"rendered":"<p><a href=\"https:\/\/radiowebmx.com\/nota\/wp-content\/uploads\/2013\/08\/DSC_4113.jpg\"><img loading=\"lazy\" decoding=\"async\" class=\"alignleft size-full wp-image-3376\" alt=\"DSC_4113\" src=\"https:\/\/radiowebmx.com\/nota\/wp-content\/uploads\/2013\/08\/DSC_4113.jpg\" width=\"591\" height=\"273\" \/><\/a>Con la Nueva Ley de Adopci\u00f3n estatal y mediante la instalaci\u00f3n del Consejo T\u00e9cnico de Adopci\u00f3n para Michoac\u00e1n, se protege a las ni\u00f1as, ni\u00f1os y adolescentes, personas en las que el Estado y la sociedad deben centrar toda su atenci\u00f3n\u00a0para que sean quienes resulten beneficiados, adem\u00e1s de que se\u00a0cumple un viejo anhelo de los solicitantes al facilitar y reducir los tr\u00e1mites, afirm\u00f3 el\u00a0\u00a0gobernador del estado, Jes\u00fas Reyna Garc\u00eda.<b><\/b><\/p>\n<p>Durante la ceremonia de toma de protesta a los integrantes de dicho organismo, presidido por la directora del Sistema DIF Michoac\u00e1n, Nelly Sastr\u00e9 Gasca, el mandatario estatal afirm\u00f3 que con esta conformaci\u00f3n, se est\u00e1 dando vigor, vigencia, positividad a la Ley y exhort\u00f3 a los integrantes del Consejo a desempe\u00f1ar sus tareas con responsabilidad y eficacia, para aportar resultados en beneficio de las ni\u00f1as y los ni\u00f1os michoacanos que no tienen padres.<\/p>\n<p>Reyna Garc\u00eda destac\u00f3 que a partir ahora, el procedimiento de adopci\u00f3n es m\u00e1s sencillo, lo que beneficiar\u00e1 a los adoptantes y a los adoptados, al tiempo que conmin\u00f3 a los integrantes del Consejo a tomar las mejores decisiones, \u201cporque en casos como \u00e9ste que son de decisi\u00f3n para vida, no decisiones de un momento, lo m\u00e1s importante es que no haya incertidumbre\u201d.<\/p>\n<p>A su vez, Nelly Sastr\u00e9 Gasca, directora general del Sistema DIF Michoac\u00e1n, precis\u00f3 que se ha dado un gran paso con dicho marco jur\u00eddico toda vez que desde el a\u00f1o pasado se trabaj\u00f3 con el Congreso local, y \u201cestamos entre los 10 primeros estados en tener Ley de Adopci\u00f3n\u201d.<\/p>\n<p>Dijo que se busc\u00f3 principalmente, que el tr\u00e1mite no fuera dif\u00edcil para dar una oportunidad a las ni\u00f1as, ni\u00f1os y adolescentes que est\u00e1n bajo la tutela del DIF, de contar con una familia.<\/p>\n<p>Tambi\u00e9n asegur\u00f3 que la nueva disposici\u00f3n permitir\u00e1 hacer m\u00e1s eficiente y eficaz el seguimiento de las adopciones, para dar pie a que las 98 solicitudes con las que hoy se cuenta, puedan tener una respuesta m\u00e1s pronta.<\/p>\n<p>En tanto que Mar\u00eda del Rosario Cort\u00e9s Zavala, procuradora de la Defensa del Menor y la Familia, explic\u00f3 que la Ley de Adopci\u00f3n del estado entr\u00f3 en vigor el 2 de julio del presente a\u00f1o y con el \u00f3rgano interdisciplinario, se procura la adecuada integraci\u00f3n de los menores sujetos a adopci\u00f3n a una familia que les proporcione las condiciones necesarias para su sano desarrollo.<\/p>\n<p>Tambi\u00e9n expuso que el Consejo se integra por un presidente, que es la directora general del Sistema DIF; un secretario t\u00e9cnico, que es la titular de la procuradur\u00eda de la Defensa del Menor y la Familia; el titular de la Direcci\u00f3n de Asistencia e Integraci\u00f3n Social, y seis especialistas designados por el titular del Poder Ejecutivo, adem\u00e1s de un represente de las instituciones que resguardan a los menores.<\/p>\n<p>Cort\u00e9s Zavala abund\u00f3 que las resoluciones se tomar\u00e1n de acuerdo a la votaci\u00f3n de la mitad m\u00e1s uno, y el presidente tendr\u00e1 voto de calidad. Asimismo se realizar\u00e1n sesiones ordinarias cada 15 d\u00edas.<\/p>\n<p>El procedimiento administrativo se realizar\u00e1 presentando la solicitud y los documentos, para conformar un expediente t\u00e9cnico que ser\u00e1 turnado a la presidencia, que a su vez convocar\u00e1 a sesi\u00f3n.<\/p>\n<p>La procuradora de la Defensa del Menor y la Familia a\u00f1adi\u00f3 que antes se hac\u00eda mediante un procedimiento que alargaba la espera del menor, pues se ten\u00eda que buscar a un familiar que se hiciera cargo de \u00e9l y ahora el cambio es muy contundente pues con procedimiento administrativo, si despu\u00e9s de 120 d\u00edas naturales no se ha logrado integrar al mejor con sus familiares; se les pone en disposici\u00f3n de adopci\u00f3n, luego lo determina la autoridad judicial si procede o no.<\/p>\n<p>Adem\u00e1s se considera la participaci\u00f3n de los DIF municipales para recabar solicitudes y recibir a menores.<\/p>\n<p>Otro cambio es que habr\u00e1 contacto directo de los solicitantes y de quienes tienen la tutela, con los integrantes del Consejo T\u00e9cnico.<\/p>\n<p>Los especialistas integrantes del Consejo son las trabajadoras sociales, Abundia Garc\u00eda Rivera y Mar\u00eda Olga Mondrag\u00f3n Ponce; los m\u00e9dicos pediatras, Flor del Carmen Herrera y Sim\u00f3n Misael Canedo Mendagosqueta; y las psic\u00f3logas, Julieta Ch\u00e1vez Mej\u00eda y Daniela G\u00f3mez de la Cueva.<\/p>\n<p>Tambi\u00e9n fueron testigos de esta instalaci\u00f3n, Tzitlali Montejano Monroy, directora de Asistencia e Integraci\u00f3n Social; y Leticia V\u00e1zquez \u00c1lvarez, presidenta de la Junta local de Asistencia Privada, entre otros funcionarios estatales y municipales.<\/p>\n<p align=\"right\"><b>\u00a0<\/b><\/p>\n","protected":false},"excerpt":{"rendered":"<p>Con la Nueva Ley de Adopci\u00f3n estatal y mediante la instalaci\u00f3n del Consejo T\u00e9cnico de Adopci\u00f3n para Michoac\u00e1n<\/p>\n","protected":false},"author":1,"featured_media":0,"comment_status":"open","ping_status":"open","sticky":false,"template":"","format":"standard","meta":{"footnotes":""},"categories":[14,3],"tags":[],"class_list":["post-3373","post","type-post","status-publish","format-standard","hentry","category-destacadas","category-gobierno-del-estado-de-michoacan"],"_links":{"self":[{"href":"https:\/\/radiowebmx.com\/nota\/wp-json\/wp\/v2\/posts\/3373","targetHints":{"allow":["GET"]}}],"collection":[{"href":"https:\/\/radiowebmx.com\/nota\/wp-json\/wp\/v2\/posts"}],"about":[{"href":"https:\/\/radiowebmx.com\/nota\/wp-json\/wp\/v2\/types\/post"}],"author":[{"embeddable":true,"href":"https:\/\/radiowebmx.com\/nota\/wp-json\/wp\/v2\/users\/1"}],"replies":[{"embeddable":true,"href":"https:\/\/radiowebmx.com\/nota\/wp-json\/wp\/v2\/comments?post=3373"}],"version-history":[{"count":3,"href":"https:\/\/radiowebmx.com\/nota\/wp-json\/wp\/v2\/posts\/3373\/revisions"}],"predecessor-version":[{"id":3375,"href":"https:\/\/radiowebmx.com\/nota\/wp-json\/wp\/v2\/posts\/3373\/revisions\/3375"}],"wp:attachment":[{"href":"https:\/\/radiowebmx.com\/nota\/wp-json\/wp\/v2\/media?parent=3373"}],"wp:term":[{"taxonomy":"category","embeddable":true,"href":"https:\/\/radiowebmx.com\/nota\/wp-json\/wp\/v2\/categories?post=3373"},{"taxonomy":"post_tag","embeddable":true,"href":"https:\/\/radiowebmx.com\/nota\/wp-json\/wp\/v2\/tags?post=3373"}],"curies":[{"name":"wp","href":"https:\/\/api.w.org\/{rel}","templated":true}]}}