{"id":33675,"date":"2017-04-06T15:10:56","date_gmt":"2017-04-06T20:10:56","guid":{"rendered":"https:\/\/radiowebmx.com\/nota\/?p=33675"},"modified":"2017-04-06T15:10:56","modified_gmt":"2017-04-06T20:10:56","slug":"propone-yarabi-avila-fortalecimiento-de-la-economia-local-y-autoempleo","status":"publish","type":"post","link":"https:\/\/radiowebmx.com\/nota\/propone-yarabi-avila-fortalecimiento-de-la-economia-local-y-autoempleo\/","title":{"rendered":"Propone Yarab\u00ed \u00c1vila fortalecimiento de la econom\u00eda local y autoempleo"},"content":{"rendered":"<p class=\"x_gmail-m6367053368602654041m-1754688123039412020gmail-msonospacing\"><b>Morelia; Michoac\u00e1n, 06 de abril de 2017<\/b>.- Con la finalidad de fortalecer la econom\u00eda local, que promuevan el autoempleo y consumo interno en el estado, e incentiven la actividad econ\u00f3mica, para atacar la inseguridad y pobreza, la diputada del PRI por el Distrito X de Morelia Noroeste, Yarab\u00ed \u00c1vila Gonz\u00e1lez propuso ante el Pleno del Congreso del Estado, la iniciativa de reforma a diversas disposiciones de la Ley de Desarrollo Social y de Ley de Desarrollo Econ\u00f3mico del Estado.<\/p>\n<p class=\"x_gmail-m6367053368602654041m-1754688123039412020gmail-msonospacing\">La propuesta realizada por la legisladora del tricolor destaca el<span class=\"x_gmail-apple-converted-space\">\u00a0<\/span>fortalecimiento de la econom\u00eda social del Estado, el autoempleo, la capacitaci\u00f3n y el consumo interno, creaci\u00f3n de circuitos de desarrollo regionales, impulso a cadenas productivas locales; mediante una econom\u00eda social local.<\/p>\n<p class=\"x_gmail-m6367053368602654041m-1754688123039412020gmail-msonospacing\">Tambi\u00e9n se establece dentro de ambos marcos legales, la generaci\u00f3n de cadenas productivas, la generaci\u00f3n de diagn\u00f3sticos con criterio tecnol\u00f3gico y cient\u00edfico; para consolidar circuitos regionales econ\u00f3micos; de forma coordinada con la Secretar\u00eda de Innovaci\u00f3n, Ciencia y Desarrollo Tecnol\u00f3gico y la Secretar\u00eda de Pol\u00edtica Social.<\/p>\n<p class=\"x_gmail-m6367053368602654041m-1754688123039412020gmail-msonospacing\">La diputada Yarab\u00ed \u00c1vila en su intervenci\u00f3n en Tribuna destac\u00f3 que es preponderante atender las zonas marginadas del Estado, donde se creen circuitos estrat\u00e9gicos de desarrollo econ\u00f3mico para promover la implementaci\u00f3n de programas de mejora en calidad, generaci\u00f3n de empleo, autoempleo e incremento de la productividad local para estimular el mercado interno, as\u00ed como impulsar alianzas para este prop\u00f3sito.<\/p>\n<p class=\"x_gmail-m6367053368602654041m-1754688123039412020gmail-msonospacing\">Record\u00f3 que<span class=\"x_gmail-apple-converted-space\">\u00a0<\/span>el pasado 29 de marzo, se aprob\u00f3 la<span class=\"x_gmail-apple-converted-space\">\u00a0Ley de la Zonas Econ\u00f3micas Especiales (ZEE) para el Estado,<\/span> pero sostuvo es fundamental llevar reformas a la legislaci\u00f3n secundar\u00eda para fortalecer el mercado interno y la econom\u00eda local del Estado, generando circuitos comerciales y el autoempleo y el autoconsumo en Michoac\u00e1n.<\/p>\n<p class=\"x_gmail-m6367053368602654041m-1754688123039412020gmail-msonospacing\">\u00c1vila Gonz\u00e1lez<span class=\"x_gmail-apple-converted-space\">\u00a0<\/span>precis\u00f3 que las pol\u00edticas p\u00fablicas que se dise\u00f1an, est\u00e1n mal orientadas, y por tanto dan nulos resultados; por ello con estas reformas se busca atender las condiciones actuales que ponen en riesgo el desarrollo social y econ\u00f3mico del Estado, ante la falta de paz y desarrollo en diferentes regiones, debido a la alta inseguridad que se vive, la pobreza extrema, lo que propicia falta de equidad y de igualdad de oportunidades.<\/p>\n<p class=\"x_gmail-m6367053368602654041m-1754688123039412020gmail-msonospacing\">Indic\u00f3 que la Ley de Desarrollo Social se queda corta en el tema de la econom\u00eda social o de desarrollo econ\u00f3mico local, esta sostuvo debe verse como la alternativa para enfrentar los desaf\u00edos venideros, producto del desempleo, ausencia de inversiones for\u00e1neas, desabasto de alimentos, la inseguridad, incremento de la pobreza, endeudamiento financiero y sobreexplotaci\u00f3n de los recursos naturales.<\/p>\n<p class=\"x_gmail-m6367053368602654041m-1754688123039412020gmail-msonospacing\">Finalmente se pronunci\u00f3 por resolver las necesidades b\u00e1sicas, impulsar las econom\u00edas regionales, recuperar los territorios, fortalecer las comunidades y la identidad colectiva, fomentar la auto-organizaci\u00f3n solidaria sin depender de subsidios, lo que debe estar impactado en la Ley de Desarrollo Social del Estado, y que fortalecen a la econom\u00eda local.<\/p>\n<p class=\"x_MsoNormal\">\n","protected":false},"excerpt":{"rendered":"<p>Morelia; Michoac\u00e1n, 06 de abril de 2017.- Con la finalidad de fortalecer la econom\u00eda local, que promuevan el autoempleo y consumo interno en el estado, e incentiven la actividad econ\u00f3mica, para atacar la inseguridad y pobreza, la diputada del PRI por el Distrito X de Morelia Noroeste, Yarab\u00ed \u00c1vila Gonz\u00e1lez propuso ante el Pleno del [&hellip;]<\/p>\n","protected":false},"author":2,"featured_media":33676,"comment_status":"closed","ping_status":"closed","sticky":false,"template":"","format":"standard","meta":{"footnotes":""},"categories":[6,14,7],"tags":[],"class_list":["post-33675","post","type-post","status-publish","format-standard","has-post-thumbnail","hentry","category-congreso-del-estado","category-destacadas","category-grupo-parlamentario-del-pri"],"_links":{"self":[{"href":"https:\/\/radiowebmx.com\/nota\/wp-json\/wp\/v2\/posts\/33675","targetHints":{"allow":["GET"]}}],"collection":[{"href":"https:\/\/radiowebmx.com\/nota\/wp-json\/wp\/v2\/posts"}],"about":[{"href":"https:\/\/radiowebmx.com\/nota\/wp-json\/wp\/v2\/types\/post"}],"author":[{"embeddable":true,"href":"https:\/\/radiowebmx.com\/nota\/wp-json\/wp\/v2\/users\/2"}],"replies":[{"embeddable":true,"href":"https:\/\/radiowebmx.com\/nota\/wp-json\/wp\/v2\/comments?post=33675"}],"version-history":[{"count":1,"href":"https:\/\/radiowebmx.com\/nota\/wp-json\/wp\/v2\/posts\/33675\/revisions"}],"predecessor-version":[{"id":33677,"href":"https:\/\/radiowebmx.com\/nota\/wp-json\/wp\/v2\/posts\/33675\/revisions\/33677"}],"wp:featuredmedia":[{"embeddable":true,"href":"https:\/\/radiowebmx.com\/nota\/wp-json\/wp\/v2\/media\/33676"}],"wp:attachment":[{"href":"https:\/\/radiowebmx.com\/nota\/wp-json\/wp\/v2\/media?parent=33675"}],"wp:term":[{"taxonomy":"category","embeddable":true,"href":"https:\/\/radiowebmx.com\/nota\/wp-json\/wp\/v2\/categories?post=33675"},{"taxonomy":"post_tag","embeddable":true,"href":"https:\/\/radiowebmx.com\/nota\/wp-json\/wp\/v2\/tags?post=33675"}],"curies":[{"name":"wp","href":"https:\/\/api.w.org\/{rel}","templated":true}]}}