{"id":33560,"date":"2017-02-08T21:53:54","date_gmt":"2017-02-09T03:53:54","guid":{"rendered":"https:\/\/radiowebmx.com\/nota\/?p=33560"},"modified":"2017-04-05T21:59:41","modified_gmt":"2017-04-06T02:59:41","slug":"inaugura-baltazar-gaona-deposito-de-agua-potable-en-una-comunidad-de-tarimbaro","status":"publish","type":"post","link":"https:\/\/radiowebmx.com\/nota\/inaugura-baltazar-gaona-deposito-de-agua-potable-en-una-comunidad-de-tarimbaro\/","title":{"rendered":"Inaugura Baltazar Gaona Deposito de Agua Potable, en una comunidad de Tar\u00edmbaro"},"content":{"rendered":"<p><a href=\"https:\/\/radiowebmx.com\/nota\/wp-content\/uploads\/2017\/04\/56050.jpg\"><img loading=\"lazy\" decoding=\"async\" class=\"size-medium wp-image-33561 alignleft\" src=\"https:\/\/radiowebmx.com\/nota\/wp-content\/uploads\/2017\/04\/56050-595x348.jpg\" alt=\"\" width=\"595\" height=\"348\" srcset=\"https:\/\/radiowebmx.com\/nota\/wp-content\/uploads\/2017\/04\/56050-595x348.jpg 595w, https:\/\/radiowebmx.com\/nota\/wp-content\/uploads\/2017\/04\/56050-768x449.jpg 768w, https:\/\/radiowebmx.com\/nota\/wp-content\/uploads\/2017\/04\/56050.jpg 850w\" sizes=\"auto, (max-width: 595px) 100vw, 595px\" \/><\/a>Para celebrar la inauguraci\u00f3n del Deposito de Agua Potable, en la comunidad de &#8220;Colonia Independencia&#8221; los habitantes y funcionarios del gobierno municipal, encabezado por el Lic. Baltazar Gaona S\u00e1nchez, presidente municipal de Tar\u00edmbaro, S\u00edndico Municipal L.A.E Iv\u00e1n V\u00e1zquez Moreno, Secretario del Ayuntamiento Ing. Amado Hern\u00e1ndez Ortiz, Regidores: Joel Paramo B\u00e1rcenas y Juan Granados Balandr\u00e1n. Director de Obras Publicas Arq. Salvador Garza Ojeda y el Director de Educaci\u00f3n Prof. Humberto Fernando Rodr\u00edguez Rodr\u00edguez.<\/p>\n<p>El presidente municipal Baltazar Gaona S\u00e1nchez agradeci\u00f3 &#8220;a todo el equipo que ha hecho posible este proyecto, pero en especial a la comunidad por su paciencia y confianza que han depositado en mi, seguiremos haciendo m\u00e1s obras porque as\u00ed me distingo \u201cYO\u201d, as\u00ed se distinguen mis \u201cAdministraciones\u201d y me llena de alegr\u00eda decir \u201cgracias a ustedes cumpl\u00ed otra promesa m\u00e1s de campa\u00f1a&#8221;.<\/p>\n<p>La obra representa un gran avance para la poblaci\u00f3n que compone la comunidad y representa una inversi\u00f3n total de $664,323.35 (Seiscientos sesenta y cuanto mil trecientos veintitr\u00e9s pesos con treinta y cinto centavos) que fue absorbida en su totalidad por el Ayuntamiento de Tar\u00edmbaro para beneficio de 410 habitantes.<\/p>\n<p>Se fortalecen a trav\u00e9s de las acciones la confianza que se tiene en su gobierno municipal por parte de la poblaci\u00f3n, que adem\u00e1s en un hecho sin precedentes cont\u00f3 con un recorrido a pie por parte del Presidente Baltazar Gaona S\u00e1nchez por la comunidad para verificar la situaci\u00f3n y continuar mejorando la calidad de vida de los habitantes de Colonia Independencia.<\/p>\n","protected":false},"excerpt":{"rendered":"<p>Para celebrar la inauguraci\u00f3n del Deposito de Agua Potable, en la comunidad de &#8220;Colonia Independencia&#8221; los habitantes y funcionarios del gobierno municipal, encabezado por el Lic. Baltazar Gaona S\u00e1nchez, presidente municipal de Tar\u00edmbaro, S\u00edndico Municipal L.A.E Iv\u00e1n V\u00e1zquez Moreno, Secretario del Ayuntamiento Ing. Amado Hern\u00e1ndez Ortiz, Regidores: Joel Paramo B\u00e1rcenas y Juan Granados Balandr\u00e1n. Director [&hellip;]<\/p>\n","protected":false},"author":2,"featured_media":33561,"comment_status":"closed","ping_status":"closed","sticky":false,"template":"","format":"standard","meta":{"footnotes":""},"categories":[14,22],"tags":[],"class_list":["post-33560","post","type-post","status-publish","format-standard","has-post-thumbnail","hentry","category-destacadas","category-tarimbaro"],"_links":{"self":[{"href":"https:\/\/radiowebmx.com\/nota\/wp-json\/wp\/v2\/posts\/33560","targetHints":{"allow":["GET"]}}],"collection":[{"href":"https:\/\/radiowebmx.com\/nota\/wp-json\/wp\/v2\/posts"}],"about":[{"href":"https:\/\/radiowebmx.com\/nota\/wp-json\/wp\/v2\/types\/post"}],"author":[{"embeddable":true,"href":"https:\/\/radiowebmx.com\/nota\/wp-json\/wp\/v2\/users\/2"}],"replies":[{"embeddable":true,"href":"https:\/\/radiowebmx.com\/nota\/wp-json\/wp\/v2\/comments?post=33560"}],"version-history":[{"count":1,"href":"https:\/\/radiowebmx.com\/nota\/wp-json\/wp\/v2\/posts\/33560\/revisions"}],"predecessor-version":[{"id":33562,"href":"https:\/\/radiowebmx.com\/nota\/wp-json\/wp\/v2\/posts\/33560\/revisions\/33562"}],"wp:featuredmedia":[{"embeddable":true,"href":"https:\/\/radiowebmx.com\/nota\/wp-json\/wp\/v2\/media\/33561"}],"wp:attachment":[{"href":"https:\/\/radiowebmx.com\/nota\/wp-json\/wp\/v2\/media?parent=33560"}],"wp:term":[{"taxonomy":"category","embeddable":true,"href":"https:\/\/radiowebmx.com\/nota\/wp-json\/wp\/v2\/categories?post=33560"},{"taxonomy":"post_tag","embeddable":true,"href":"https:\/\/radiowebmx.com\/nota\/wp-json\/wp\/v2\/tags?post=33560"}],"curies":[{"name":"wp","href":"https:\/\/api.w.org\/{rel}","templated":true}]}}