{"id":33554,"date":"2017-02-13T21:28:18","date_gmt":"2017-02-14T03:28:18","guid":{"rendered":"https:\/\/radiowebmx.com\/nota\/?p=33554"},"modified":"2017-04-05T21:45:54","modified_gmt":"2017-04-06T02:45:54","slug":"inauguran-techumbre-en-la-escuela-primaria-del-herrero-en-tarimbaro","status":"publish","type":"post","link":"https:\/\/radiowebmx.com\/nota\/inauguran-techumbre-en-la-escuela-primaria-del-herrero-en-tarimbaro\/","title":{"rendered":"Inauguran techumbre en la Escuela Primaria del Herrero en Tar\u00edmbaro"},"content":{"rendered":"<p><a href=\"https:\/\/radiowebmx.com\/nota\/wp-content\/uploads\/2017\/04\/56186-e1491446212263.jpg\"><img loading=\"lazy\" decoding=\"async\" class=\"alignnone size-medium wp-image-33555\" src=\"https:\/\/radiowebmx.com\/nota\/wp-content\/uploads\/2017\/04\/56186-e1491446212263-595x331.jpg\" alt=\"\" width=\"595\" height=\"331\" srcset=\"https:\/\/radiowebmx.com\/nota\/wp-content\/uploads\/2017\/04\/56186-e1491446212263-595x331.jpg 595w, https:\/\/radiowebmx.com\/nota\/wp-content\/uploads\/2017\/04\/56186-e1491446212263-768x427.jpg 768w, https:\/\/radiowebmx.com\/nota\/wp-content\/uploads\/2017\/04\/56186-e1491446212263-284x158.jpg 284w, https:\/\/radiowebmx.com\/nota\/wp-content\/uploads\/2017\/04\/56186-e1491446212263-128x72.jpg 128w, https:\/\/radiowebmx.com\/nota\/wp-content\/uploads\/2017\/04\/56186-e1491446212263.jpg 850w\" sizes=\"auto, (max-width: 595px) 100vw, 595px\" \/><\/a>En la escuela primaria &#8220;Emiliano Zapata&#8221; de la comunidad de &#8220;Ca\u00f1ada del Herrero&#8221; se realiz\u00f3 acto c\u00edvico para engalanar la inauguraci\u00f3n de la techumbre en dicho plantel.<\/p>\n<p>La ceremonia cont\u00f3 con la presencia de las autoridades Lic. Baltazar Gaona S\u00e1nchez Presidente Municipal, Iv\u00e1n V\u00e1zquez Moreno S\u00edndico, Ing. Amado Hern\u00e1ndez Ortiz, Regidores: Celeste Garc\u00eda Alfaro Salvador Corona Ojeda, Joel Paramo Barcenas. Lic. Enrique Montoya Acevedo Secretario Particular, Director de Obras P\u00fablicas Arq. Salvador Garza Ojeda, Director de Educaci\u00f3n Prof. Humberto Fernando Rodr\u00edguez Rodr\u00edguez, Directora del DIF Municipal la Sra. Silvia Botello, Autoridades Educativas .<\/p>\n<p>El acto c\u00edvico comenz\u00f3 con los honores a la bandera por parte de la escolta de la escuela primaria &#8220;Emiliano Zapata&#8221;, lo que permiti\u00f3 el desarrollo del programa, que tuvo como segundo acto un festival estudiantil, el que const\u00f3 de la participaci\u00f3n de los ni\u00f1os estudiantes de la primaria, que realizaron bailable &#8220;la raspa&#8221;, interpretado por alumnos de segundo grado, seguidos por la intervenci\u00f3n del Presidente Municipal Lic. Baltazar Gaona S\u00e1nchez, quien indic\u00f3 &#8220;est\u00e1 obra es muy importante para el municipio, no s\u00f3lo para est\u00e1 comunidad, porque est\u00e1 enfocada en la educaci\u00f3n y ni\u00f1ez, que siempre es lo mejor de la cada comunidad; un pueblo educado es un pueblo que va avanzado, tenemos que trabajar en las escuelas que tienen necesidades, es importante entender que la capacidad econom\u00eda del municipio, est\u00e1 afectada, es muy poca, no se reciben apoyos de la federaci\u00f3n ni del estado, pero a\u00fan as\u00ed, tenemos que trabajar y dar resultados con lo poco que hay, sin que \u00e9sto sea un pretexto o una excusa para dar resultados a medias&#8221;; en otro orden de ideas voy a girar las indicaciones para realizar de \u00e9sta \u00e1rea una cancha de usos m\u00faltiples a la brevedad posible y para finalizar mi participaci\u00f3n quiero felicitar a los ni\u00f1os y habitantes de \u00e9sta comunidad por est\u00e1 presentaci\u00f3n.&#8221;<\/p>\n<p>Un segundo bailable fue presentado por los alumnos de primer grado que interpretaron la canci\u00f3n popular &#8220;el sapito&#8221;, seguidos por la intervenci\u00f3n de los alumnos de tercer y cuarto grado que deleitaron con &#8220;el son de la rabia&#8221;, finalizado con el tradicional corte de list\u00f3n por parte de las autoridades municipales y escolares encabezados por el presidente municipal Lic. Baltazar Gaona S\u00e1nchez.<\/p>\n","protected":false},"excerpt":{"rendered":"<p>En la escuela primaria &#8220;Emiliano Zapata&#8221; de la comunidad de &#8220;Ca\u00f1ada del Herrero&#8221; se realiz\u00f3 acto c\u00edvico para engalanar la inauguraci\u00f3n de la techumbre en dicho plantel. La ceremonia cont\u00f3 con la presencia de las autoridades Lic. Baltazar Gaona S\u00e1nchez Presidente Municipal, Iv\u00e1n V\u00e1zquez Moreno S\u00edndico, Ing. Amado Hern\u00e1ndez Ortiz, Regidores: Celeste Garc\u00eda Alfaro Salvador [&hellip;]<\/p>\n","protected":false},"author":2,"featured_media":33555,"comment_status":"closed","ping_status":"closed","sticky":false,"template":"","format":"standard","meta":{"footnotes":""},"categories":[22],"tags":[],"class_list":["post-33554","post","type-post","status-publish","format-standard","has-post-thumbnail","hentry","category-tarimbaro"],"_links":{"self":[{"href":"https:\/\/radiowebmx.com\/nota\/wp-json\/wp\/v2\/posts\/33554","targetHints":{"allow":["GET"]}}],"collection":[{"href":"https:\/\/radiowebmx.com\/nota\/wp-json\/wp\/v2\/posts"}],"about":[{"href":"https:\/\/radiowebmx.com\/nota\/wp-json\/wp\/v2\/types\/post"}],"author":[{"embeddable":true,"href":"https:\/\/radiowebmx.com\/nota\/wp-json\/wp\/v2\/users\/2"}],"replies":[{"embeddable":true,"href":"https:\/\/radiowebmx.com\/nota\/wp-json\/wp\/v2\/comments?post=33554"}],"version-history":[{"count":1,"href":"https:\/\/radiowebmx.com\/nota\/wp-json\/wp\/v2\/posts\/33554\/revisions"}],"predecessor-version":[{"id":33556,"href":"https:\/\/radiowebmx.com\/nota\/wp-json\/wp\/v2\/posts\/33554\/revisions\/33556"}],"wp:featuredmedia":[{"embeddable":true,"href":"https:\/\/radiowebmx.com\/nota\/wp-json\/wp\/v2\/media\/33555"}],"wp:attachment":[{"href":"https:\/\/radiowebmx.com\/nota\/wp-json\/wp\/v2\/media?parent=33554"}],"wp:term":[{"taxonomy":"category","embeddable":true,"href":"https:\/\/radiowebmx.com\/nota\/wp-json\/wp\/v2\/categories?post=33554"},{"taxonomy":"post_tag","embeddable":true,"href":"https:\/\/radiowebmx.com\/nota\/wp-json\/wp\/v2\/tags?post=33554"}],"curies":[{"name":"wp","href":"https:\/\/api.w.org\/{rel}","templated":true}]}}